{"id":9432,"date":"2016-12-22T09:04:54","date_gmt":"2016-12-22T09:04:54","guid":{"rendered":"https:\/\/kasperskydaily.com\/germany\/?p=9432"},"modified":"2017-09-27T14:39:10","modified_gmt":"2017-09-27T12:39:10","slug":"digital-scrapbooking","status":"publish","type":"post","link":"https:\/\/www.kaspersky.de\/blog\/digital-scrapbooking\/9432\/","title":{"rendered":"Wer kontrolliert Ihr digitales Leben?"},"content":{"rendered":"<p>Letzte Woche chattete ich mit einer Kollegin, als wir darauf kamen, wie sehr sie das Update \u201eAn diesem Tag\u201c von Facebook liebt, durch das sie Erinnerungen aus den letzten Jahren Revue passieren lassen kann. Das digitale Sammelalbum vers\u00fc\u00dfte ihr den\u00a0Tag und sie war \u00fcbergl\u00fccklich dar\u00fcber, dass Facebook dieses Feature herausgebracht hatte.<\/p>\n<p>Am n\u00e4chsten Tag musste ich wieder an diese Unterhaltung denken, als ich einen Blick auf meine eigenen t\u00e4glichen Facebook-Updates warf. Ich synchronisiere meine Fotos und Videos auf zwei unterschiedlichen Cloud-Services und einem externen Laufwerk, aber diese Updates auf Facebook sind fesselnder.<\/p>\n<p><img loading=\"lazy\" decoding=\"async\" class=\"aligncenter wp-image-13763 size-full\" src=\"https:\/\/media.kasperskydaily.com\/wp-content\/uploads\/sites\/96\/2016\/12\/06134252\/digital-memories-featured-a-1.jpg\" alt=\"Who owns your digital memories?\" width=\"1280\" height=\"840\"><\/p>\n<p>Nat\u00fcrlich kann man sich ein Foto oder ein Video anschauen und sich rundum wohl f\u00fchlen. Aber Facebook zeigt Ihnen, wie andere sich mit dem besch\u00e4ftigten, was Sie teilten. Es zeigt auch Artikel und geteilte Beitr\u00e4ge, die viel Gefallen gefunden haben, mit Schnappsch\u00fcssen von Freunden auf der Plattform. (Es wird viele geben, die nach den aktuellen US-Wahlen Vergangenes bereuen k\u00f6nnten.)<\/p>\n<p>Als ich das erste Mal diese Funktion vor einigen Jahren auf <a href=\"https:\/\/timehop.com\/\" target=\"_blank\" rel=\"noopener nofollow\">TimeHop<\/a> sah, war ich hin und weg. Ich konnte sehen, was ich in einer E-Mail auf all meinen sozialen Netzwerken t\u00e4glich gesagt oder geteilt hatte. Leider verlor das\u00a0Unternehmen an Erfolg \u2013 und daher\u00a0machte sich Facebook die Flashbacks zu eigen.<\/p>\n<blockquote class=\"twitter-pullquote\"><p>Gibt es einen Weg, alle Erinnerungen zu bewahren, die wir auf #Facebook angesammelt haben?<\/p><a href=\"https:\/\/twitter.com\/share?url=https%3A%2F%2Fkas.pr%2Fbe78&amp;text=Gibt+es+einen+Weg%2C+alle+Erinnerungen+zu+bewahren%2C+die+wir+auf+%23Facebook+angesammelt+haben%3F\" class=\"btn btn-twhite\" data-lang=\"en\" data-count=\"0\" target=\"_blank\" rel=\"noopener nofollow\">Tweet<\/a><\/blockquote>\n<p>Als Vater von zwei kleinen Kindern werde ich ganz verr\u00fcckt, wenn ich entz\u00fcckende Dinge sehe, die meine Kinder mal gemacht haben, aber genie\u00dfe es auch, zu sehen, wie sie gewachsen sind, und zu wissen, dass Personen, die mir wichtig sind, und die weit weg wohnen, sehen k\u00f6nnen, wie sich unsere Kinder entwickeln.<\/p>\n<p>Ich denke, dass man irgendwie sagen kann, dass dieses Feature eine soziale Lebenslinie ist, die Beziehungen vertieft und einen Weg anbietet, mit Familie und Freunden in Kontakt zu bleiben.<\/p>\n<p>In den vergangenen Wochen habe ich auch bemerkt, dass viele Freunde diese digitalen Tools verwenden, um sch\u00f6ne Erinnerungen an verstorbene Verwandte zu teilen. Obwohl ich mich noch nicht in dieser Situation befand, kann ich dennoch sehen, wie es den Menschen helfen kann, diese schwierige Zeit, den Jahrestag eines Verlustes, usw. zu bew\u00e4ltigen.<\/p>\n<p>Jedoch kann ich nicht vermeiden, an die Besitzer dieser digitalen Erinnerungen zu denken. F\u00fcr viele ist Facebook eine Reise ohne Halt. Es ist meist der erste und letzte Stopp ihres t\u00e4glichen Lebens. Sie erhalten Neuigkeiten, tauschen sich mit Freunden und Familie aus und fragen sogar nach Tipps oder Produktbewertungen. Verbraucher machen aus Facebook eine\u00a0Fabrik von Inhalten , indem sie klicken und teilen und dabei denken, der Inhalt sei unser Eigentum. Wir vernachl\u00e4ssigen auch, das von uns erstellte pers\u00f6nliche Bild zu sch\u00fctzen.<\/p>\n<p>Jetzt k\u00f6nnen wir unsere Facebook-Profile herunterladen, aber wer macht das schon regelm\u00e4\u00dfig? Ich arbeite mit sozialen Medien, aber ich downloade meinen Inhalt nur ein- bis zweimal im Jahr \u2014 es ist eine l\u00e4stige Aufgabe. Was w\u00e4re, wenn ich den Zugriff auf meinen Facebook-Account verlieren w\u00fcrde oder mit Facebook das passieren w\u00fcrde, was schon den Dinosauriern geschah? Ich w\u00fcrde all die Daten verlieren, die ich nicht speicherte. Was w\u00e4re, wenn Facebook z. B. von Ransomware ins Visier genommen w\u00fcrde?<\/p>\n<div class=\"embed\">\n<blockquote class=\"twitter-tweet\" data-width=\"500\" data-dnt=\"true\">\n<p lang=\"en\" dir=\"ltr\"><a href=\"https:\/\/twitter.com\/hashtag\/Locky?src=hash&amp;ref_src=twsrc%5Etfw\" target=\"_blank\" rel=\"noopener nofollow\">#Locky<\/a> being spread over <a href=\"https:\/\/twitter.com\/hashtag\/Facebook?src=hash&amp;ref_src=twsrc%5Etfw\" target=\"_blank\" rel=\"noopener nofollow\">#Facebook<\/a>? via <a href=\"https:\/\/twitter.com\/threatpost?ref_src=twsrc%5Etfw\" target=\"_blank\" rel=\"noopener nofollow\">@threatpost<\/a> <a href=\"https:\/\/t.co\/28rDQ7TwWZ\" target=\"_blank\" rel=\"noopener nofollow\">https:\/\/t.co\/28rDQ7TwWZ<\/a> <a href=\"https:\/\/t.co\/reXG56LcYI\" target=\"_blank\" rel=\"noopener nofollow\">pic.twitter.com\/reXG56LcYI<\/a><\/p>\n<p>\u2014 Kaspersky (@kaspersky) <a href=\"https:\/\/twitter.com\/kaspersky\/status\/800762309614465024?ref_src=twsrc%5Etfw\" target=\"_blank\" rel=\"noopener nofollow\">November 21, 2016<\/a><\/p><\/blockquote>\n<p><script async src=\"https:\/\/platform.twitter.com\/widgets.js\" charset=\"utf-8\"><\/script><\/p>\n<\/div>\n<p>Einige dieser Szenarien werden eher in Zukunft passieren, aber ich habe bereits erlebt, wie Freunde aus verschiedenen Gr\u00fcnden von Facebook verbannt wurden und ihre Accounts f\u00fcr drei bis sechs Monate blockiert wurden. Sie verloren den Zugriff auf die Dinge, die sie hochgeladen hatten und konnten ihre digitalen Erinnerungen nicht mehr sehen.<\/p>\n<p>Den Spa\u00df ausbremsen.<\/p>\n<p>Wie viele Eltern wei\u00df ich, dass ich digitale Erinnerungen besser sch\u00fctzen muss und es nicht durch Bequemlichkeit vernachl\u00e4ssigen darf. Ich w\u00fcnschte, es g\u00e4be eine einfache L\u00f6sung. Wer stimmt mir zu?<\/p>\n<p>Gute Neuigkeiten: Kaspersky Lab hat dieses Problem durch Forschung und Produktentwicklung erkannt. Aktuell sucht das Team nach einer L\u00f6sung: Mit <a href=\"https:\/\/ffforget.me\/\" target=\"_blank\" rel=\"noopener nofollow\">Ffforget<\/a> werden User in der Lage sein, \u00fcber ihre digitalen Leben bestimmen und sie herunterladen zu k\u00f6nnen. Das Produkt wird voraussichtlich 2017 auf den Markt kommen, aber sie k\u00f6nnen schon jetzt unter <a href=\"https:\/\/ffforget.kaspersky.com\/\" target=\"_blank\" rel=\"noopener nofollow\">ffforget.kaspersky.com<\/a> einen Blick darauf werfen.<\/p>\n","protected":false},"excerpt":{"rendered":"<p>Wir teilen unser Lben auf sozialen Medien. Was passiert, wenn wir den Zugriff verlieren?<\/p>\n","protected":false},"author":636,"featured_media":9433,"comment_status":"closed","ping_status":"open","sticky":false,"template":"","format":"standard","meta":{"_acf_changed":false,"footnotes":""},"categories":[6,2712,10],"tags":[2382,37,2369,710,1905],"class_list":{"0":"post-9432","1":"post","2":"type-post","3":"status-publish","4":"format-standard","5":"has-post-thumbnail","7":"category-news","8":"category-special-projects","9":"category-tips","10":"tag-digitale-erinnerungen","11":"tag-facebook","12":"tag-ffforget","13":"tag-medien","14":"tag-soziale-medien"},"hreflang":[{"hreflang":"de","url":"https:\/\/www.kaspersky.de\/blog\/digital-scrapbooking\/9432\/"},{"hreflang":"en-ae","url":"https:\/\/me-en.kaspersky.com\/blog\/digital-scrapbooking\/5776\/"},{"hreflang":"en-us","url":"https:\/\/usa.kaspersky.com\/blog\/digital-scrapbooking\/10614\/"},{"hreflang":"es-mx","url":"https:\/\/latam.kaspersky.com\/blog\/digital-scrapbooking\/8757\/"},{"hreflang":"es","url":"https:\/\/www.kaspersky.es\/blog\/digital-scrapbooking\/9792\/"},{"hreflang":"it","url":"https:\/\/www.kaspersky.it\/blog\/digital-scrapbooking\/9531\/"},{"hreflang":"ru","url":"https:\/\/www.kaspersky.ru\/blog\/digital-scrapbooking\/13885\/"},{"hreflang":"tr","url":"https:\/\/www.kaspersky.com.tr\/blog\/digital-scrapbooking\/2869\/"},{"hreflang":"x-default","url":"https:\/\/www.kaspersky.com\/blog\/digital-scrapbooking\/13762\/"},{"hreflang":"fr","url":"https:\/\/www.kaspersky.fr\/blog\/digital-scrapbooking\/6466\/"},{"hreflang":"ru-kz","url":"https:\/\/blog.kaspersky.kz\/digital-scrapbooking\/13885\/"},{"hreflang":"en-au","url":"https:\/\/www.kaspersky.com.au\/blog\/digital-scrapbooking\/13762\/"},{"hreflang":"en-za","url":"https:\/\/www.kaspersky.co.za\/blog\/digital-scrapbooking\/13762\/"}],"acf":[],"banners":"","maintag":{"url":"https:\/\/www.kaspersky.de\/blog\/tag\/medien\/","name":"Medien"},"_links":{"self":[{"href":"https:\/\/www.kaspersky.de\/blog\/wp-json\/wp\/v2\/posts\/9432","targetHints":{"allow":["GET"]}}],"collection":[{"href":"https:\/\/www.kaspersky.de\/blog\/wp-json\/wp\/v2\/posts"}],"about":[{"href":"https:\/\/www.kaspersky.de\/blog\/wp-json\/wp\/v2\/types\/post"}],"author":[{"embeddable":true,"href":"https:\/\/www.kaspersky.de\/blog\/wp-json\/wp\/v2\/users\/636"}],"replies":[{"embeddable":true,"href":"https:\/\/www.kaspersky.de\/blog\/wp-json\/wp\/v2\/comments?post=9432"}],"version-history":[{"count":1,"href":"https:\/\/www.kaspersky.de\/blog\/wp-json\/wp\/v2\/posts\/9432\/revisions"}],"predecessor-version":[{"id":10643,"href":"https:\/\/www.kaspersky.de\/blog\/wp-json\/wp\/v2\/posts\/9432\/revisions\/10643"}],"wp:featuredmedia":[{"embeddable":true,"href":"https:\/\/www.kaspersky.de\/blog\/wp-json\/wp\/v2\/media\/9433"}],"wp:attachment":[{"href":"https:\/\/www.kaspersky.de\/blog\/wp-json\/wp\/v2\/media?parent=9432"}],"wp:term":[{"taxonomy":"category","embeddable":true,"href":"https:\/\/www.kaspersky.de\/blog\/wp-json\/wp\/v2\/categories?post=9432"},{"taxonomy":"post_tag","embeddable":true,"href":"https:\/\/www.kaspersky.de\/blog\/wp-json\/wp\/v2\/tags?post=9432"}],"curies":[{"name":"wp","href":"https:\/\/api.w.org\/{rel}","templated":true}]}}