{"id":7113,"date":"2016-03-02T12:27:46","date_gmt":"2016-03-02T12:27:46","guid":{"rendered":"https:\/\/kasperskydaily.com\/germany\/?p=7113"},"modified":"2022-06-03T18:35:39","modified_gmt":"2022-06-03T16:35:39","slug":"raising-digital-natives","status":"publish","type":"post","link":"https:\/\/www.kaspersky.de\/blog\/raising-digital-natives\/7113\/","title":{"rendered":"Kindererziehung 2.0: So werden Sie zu einem guten Vorbild im digitalen Zeitalter"},"content":{"rendered":"<p>Auf der RSA-Konferenz in San Francisco hat <a href=\"https:\/\/twitter.com\/StephenBalkam\" target=\"_blank\" rel=\"noopener nofollow\">Stephen Balkam<\/a>, Gr\u00fcnder und Gesch\u00e4ftsf\u00fchrer vom <a href=\"https:\/\/www.fosi.org\/\" target=\"_blank\" rel=\"noopener nofollow\">Family Online Safety Institute<\/a> einen Vortrag gehalten mit dem Titel <em>Risks, Harms and Rewards of Our and Our Kids\u2018 Online Lives<\/em> (<em>Risiken, Sch\u00e4den und Vorz\u00fcge unseres eigenen Onlinelebens und dem unserer Kinder<\/em>).<\/p>\n<p>Wie Sie vielleicht schon in <a href=\"https:\/\/www.kaspersky.de\/blog\/kid-safety-iot\/6757\/\" target=\"_blank\" rel=\"noopener\">meinen fr\u00fcheren<\/a> <a href=\"https:\/\/www.kaspersky.de\/blog\/tips-for-parents-1\/6244\/\" target=\"_blank\" rel=\"noopener\">Blogeintr\u00e4gen<\/a> auf Kaspersky Daily mitbekommen haben, ist dieses Thema hochbrisant f\u00fcr mich, da ich selbst Vater von zwei kleinen Kindern bin. Der Vortrag war sehr interessant und einige der Daten, die Balkam genannt hat, waren regelrecht alarmierend \u2014 die Generation Y bekommt Kinder, und deren digitales Leben f\u00e4ngt bereits vor der Geburt an. Laut Balkam posten 46% der jungen Eltern schon vor dem ersten Geburtstag des Kindes mindestens ein Babyfoto online \u2014 viele von ihnen ver\u00f6ffentlichen sogar bereits vor dessen Geburt ein Ultraschallfoto.<\/p>\n<h2>Verfall der Empathie<\/h2>\n<p>Aber das digitale Zeitalter macht sich nicht nur was Fotos betrifft bemerkbar. Eine <a href=\"http:\/\/ns.umich.edu\/new\/releases\/7724-empathy-college-students-don-t-have-as-much-as-they-used-to\" target=\"_blank\" rel=\"noopener nofollow\">Studie der University of Michigan<\/a> hat einen Empathieverfall von 40% unter den Studenten belegt. Das k\u00f6nnte damit zusammenh\u00e4ngen, dass unsere Leben zunehmend digital werden.<\/p>\n<p>Dieser Trend ist nicht nur alarmierend, was die junge Generation betrifft \u2014 mit dem Aufkommen von <a href=\"http:\/\/web-japan.org\/trends\/09_sci-tech\/sci090917.html\" target=\"_blank\" rel=\"noopener nofollow\">therapeutischen Robotern<\/a> hat sich auch f\u00fcr die \u00c4lteren ein eigener Industriezweig entwickelt. Die Generation der Jahrtausender wird \u00e4lter und Erfindungen wie die oben genannten, werden zunehmend an Marktanteil gewinnen.<\/p>\n<blockquote class=\"wp-embedded-content\" data-secret=\"zTqIETU78d\"><p><a href=\"https:\/\/www.kaspersky.de\/blog\/tips-for-parents-1\/6244\/\" target=\"_blank\" rel=\"noopener\">Tipps f\u00fcr Eltern: Sechs Dinge, die Sie NICHT auf Sozialen Netzwerken tun sollten<\/a><\/p><\/blockquote>\n<p><iframe loading=\"lazy\" class=\"wp-embedded-content\" sandbox=\"allow-scripts\" security=\"restricted\" style=\"position: absolute; clip: rect(1px, 1px, 1px, 1px);\" title=\"\u201eTipps f\u00fcr Eltern: Sechs Dinge, die Sie NICHT auf Sozialen Netzwerken tun sollten\u201c \u2014 Daily - German - Germany - www.kaspersky.de\/blog\" src=\"https:\/\/www.kaspersky.de\/blog\/tips-for-parents-1\/6244\/embed\/#?secret=bu9vRN3oMp#?secret=zTqIETU78d\" data-secret=\"zTqIETU78d\" width=\"500\" height=\"282\" frameborder=\"0\" marginwidth=\"0\" marginheight=\"0\" scrolling=\"no\"><\/iframe><\/p>\n<h2>Digitale Abh\u00e4ngigkeit<\/h2>\n<p>Zur heutigen Zeit sind wir rund um die Uhr mit unseren Mobilger\u00e4ten verbunden. Unsere <a href=\"https:\/\/www.kaspersky.de\/blog\/digital-amnesia-survival-2\/5708\/\" target=\"_blank\" rel=\"noopener\">Studie \u00fcber digitalen Ged\u00e4chtnisverlust<\/a> hat gezeigt, dass wir alle dieser traurigen Tendenz zum Opfer gefallen sind und unser Erinnerungsverm\u00f6gen durch\u00a0 Mobilger\u00e4te beeintr\u00e4chtigt ist. Auf die einzelne Person bezogen ist das negativ, aber das Problem ist umso gravierender, wenn man sich vorstellt, welche Konsequenzen dies f\u00fcr unsere Kinder haben k\u00f6nnte.<\/p>\n<p>Indem wir mehr und mehr abh\u00e4ngig werden von unseren Mobilger\u00e4ten, erh\u00f6hen wir die Barriere zwischen uns und unseren Kindern.<\/p>\n<blockquote class=\"wp-embedded-content\" data-secret=\"wutmdWAVbS\"><p><a href=\"https:\/\/www.kaspersky.de\/blog\/my-risky-gamble-one-day-without-smartphone\/5849\/\" target=\"_blank\" rel=\"noopener\">Mein risikoreiches Spiel: 24 Stunden ohne Smartphone<\/a><\/p><\/blockquote>\n<p><iframe loading=\"lazy\" class=\"wp-embedded-content\" sandbox=\"allow-scripts\" security=\"restricted\" style=\"position: absolute; clip: rect(1px, 1px, 1px, 1px);\" title=\"\u201eMein risikoreiches Spiel: 24 Stunden ohne Smartphone\u201c \u2014 Daily - German - Germany - www.kaspersky.de\/blog\" src=\"https:\/\/www.kaspersky.de\/blog\/my-risky-gamble-one-day-without-smartphone\/5849\/embed\/#?secret=C7UihwtKI8#?secret=wutmdWAVbS\" data-secret=\"wutmdWAVbS\" width=\"500\" height=\"282\" frameborder=\"0\" marginwidth=\"0\" marginheight=\"0\" scrolling=\"no\"><\/iframe><\/p>\n<p>Wie h\u00e4ngt das miteinander zusammen?<\/p>\n<p>Das ist doch eigentlich klar. Wenn Sie mit Geschwistern aufgewachsen sind oder selbst mehr als ein Kind haben, dann wissen Sie, wie schwierig es sein kann, Aufmerksamkeit zu bekommen. Oder vielleicht nervt es Sie, wenn Ihr Partner oder Ihre Partnerin mehr Zeit mit Facebook, Instagram oder Textnachrichten verbringt als mit Ihnen? Geben Sie es ruhig zu.<\/p>\n<p>Nun versetzen Sie sich einmal f\u00fcr eine Sekunde in einen 2-J\u00e4hrigen hinein, der kuscheln will oder Ihnen ein Bild zeigen m\u00f6chte, dass er gerade f\u00fcr Sie gemalt hat.<\/p>\n<p>Was k\u00f6nnen Sie tun?<\/p>\n<h2>Gute digitale Kindererziehung<\/h2>\n<p>Mit das Beste, was ich aus dem Vortrag mitgenommen habe, ist dass wir etwas dagegen tun k\u00f6nnen. Balkam hat darauf hingewiesen, dass seine Organisation einen <a href=\"https:\/\/www.fosi.org\/good-digital-parenting\/7-steps-good-digital-parenting\/\" target=\"_blank\" rel=\"noopener nofollow\">Ratgeber f\u00fcr gute digitale Kindererziehung in 7 Schritten<\/a> ver\u00f6ffentlicht hat \u2014 eine gute Lekt\u00fcre und alle Eltern sollten unbedingt einen Blick in den Ratgeber werfen.<\/p>\n<p><a href=\"https:\/\/media.kasperskydaily.com\/wp-content\/uploads\/sites\/96\/2020\/06\/30171021\/Kids-Screen-scaled.jpg\"><img loading=\"lazy\" decoding=\"async\" src=\"https:\/\/media.kasperskydaily.com\/wp-content\/uploads\/sites\/96\/2020\/06\/30171021\/Kids-Screen-scaled.jpg\" alt=\"\" width=\"2560\" height=\"1920\" class=\"aligncenter size-full wp-image-24405\"><\/a><\/p>\n<p>Das Wichtigste, was ich aus dem Vortrag und dem Ratgeber gelernt habe, ist dass Eltern ihre Kinder praktisch dabei unterst\u00fctzen m\u00fcssen, neue Technologien zu entdecken, auszuprobieren und anzuwenden. Es ist unsere Pflicht, ihnen zu zeigen, welche M\u00f6glichkeiten es gibt und welche Vorsichtsma\u00dfnahmen sie treffen sollten. Das kann auch zu einer offeneren Beziehung f\u00fchren, wenn Ihre Kinder mehr und mehr mit dem Internet zu tun haben und Ihnen Fragen zu verd\u00e4chtigen Seiten stellen.<\/p>\n<h2>Per\u00f6nliche Anekdote<\/h2>\n<p>Im Laufe des Tages habe ich \u00fcber den Vortrag nachgedacht und mich gefragt, inwieweit ich mein eigenes Verhalten ge\u00e4ndert habe. Auch wenn ich alles andere als perfekt bin, habe ich bemerkt, dass sich mein eigenes Technikverhalten ver\u00e4ndert hat, wenn es um meine Kinder geht. Der gr\u00f6\u00dfte Schritt \u2014 von dem meiner Meinung nach alle Eltern profitieren w\u00fcrden \u2014 ist die Finger von Mobilger\u00e4ten zu lassen, sobald man zuhause ankommt und den Computer nach M\u00f6glichkeit gar nicht erst anzuschalten.<\/p>\n<p>Auch wenn es mir nicht immer m\u00f6glich ist, versuche ich mich jeden Tag daran zu halten. Das ist ein Unterschied wie Tag und Nacht und meine Frau hat festgestellt, dass die Kommunikation zwischen ihr und den Kindern seitdem besser geworden ist und sich einige Stressfaktoren deutlich reduziert haben, die mit mangelnder Aufmerksamkeit zusammenhingen.<\/p>\n<input type=\"hidden\" class=\"category_for_banner\" value=\"safe-kids\">\n","protected":false},"excerpt":{"rendered":"<p>Wir sind an einem Punkt angekommen, an dem unser digitales und unser analoges Leben ein und dasselbe ist. Wie k\u00f6nnen wir gew\u00e4hrleisten, dass unsere Kinder Technikerfahrung sammeln und dabei sicher aufwachsen?<\/p>\n","protected":false},"author":636,"featured_media":7114,"comment_status":"open","ping_status":"open","sticky":false,"template":"","format":"standard","meta":{"_acf_changed":false,"footnotes":""},"categories":[2711,6,10],"tags":[1904,1903,1434,1902,1905,1416],"class_list":{"0":"post-7113","1":"post","2":"type-post","3":"status-publish","4":"format-standard","5":"has-post-thumbnail","7":"category-threats","8":"category-news","9":"category-tips","10":"tag-digital-natives","11":"tag-kindererziehung","12":"tag-rsac","13":"tag-rsac2016","14":"tag-soziale-medien","15":"tag-vernetzte-gerate"},"hreflang":[{"hreflang":"de","url":"https:\/\/www.kaspersky.de\/blog\/raising-digital-natives\/7113\/"},{"hreflang":"en-us","url":"https:\/\/usa.kaspersky.com\/blog\/raising-digital-natives\/6793\/"},{"hreflang":"en-gb","url":"https:\/\/www.kaspersky.co.uk\/blog\/raising-digital-natives\/6854\/"},{"hreflang":"es-mx","url":"https:\/\/latam.kaspersky.com\/blog\/raising-digital-natives\/6769\/"},{"hreflang":"it","url":"https:\/\/www.kaspersky.it\/blog\/raising-digital-natives\/7618\/"},{"hreflang":"ru","url":"https:\/\/www.kaspersky.ru\/blog\/raising-digital-natives\/11087\/"},{"hreflang":"x-default","url":"https:\/\/www.kaspersky.com\/blog\/raising-digital-natives\/11469\/"},{"hreflang":"pt-br","url":"https:\/\/www.kaspersky.com.br\/blog\/raising-digital-natives\/6178\/"},{"hreflang":"ja","url":"https:\/\/blog.kaspersky.co.jp\/raising-digital-natives\/10629\/"},{"hreflang":"ru-kz","url":"https:\/\/blog.kaspersky.kz\/raising-digital-natives\/11087\/"},{"hreflang":"en-au","url":"https:\/\/www.kaspersky.com.au\/blog\/raising-digital-natives\/11469\/"},{"hreflang":"en-za","url":"https:\/\/www.kaspersky.co.za\/blog\/raising-digital-natives\/11469\/"}],"acf":[],"banners":"","maintag":{"url":"https:\/\/www.kaspersky.de\/blog\/tag\/digital-natives\/","name":"Digital Natives"},"_links":{"self":[{"href":"https:\/\/www.kaspersky.de\/blog\/wp-json\/wp\/v2\/posts\/7113","targetHints":{"allow":["GET"]}}],"collection":[{"href":"https:\/\/www.kaspersky.de\/blog\/wp-json\/wp\/v2\/posts"}],"about":[{"href":"https:\/\/www.kaspersky.de\/blog\/wp-json\/wp\/v2\/types\/post"}],"author":[{"embeddable":true,"href":"https:\/\/www.kaspersky.de\/blog\/wp-json\/wp\/v2\/users\/636"}],"replies":[{"embeddable":true,"href":"https:\/\/www.kaspersky.de\/blog\/wp-json\/wp\/v2\/comments?post=7113"}],"version-history":[{"count":4,"href":"https:\/\/www.kaspersky.de\/blog\/wp-json\/wp\/v2\/posts\/7113\/revisions"}],"predecessor-version":[{"id":28776,"href":"https:\/\/www.kaspersky.de\/blog\/wp-json\/wp\/v2\/posts\/7113\/revisions\/28776"}],"wp:featuredmedia":[{"embeddable":true,"href":"https:\/\/www.kaspersky.de\/blog\/wp-json\/wp\/v2\/media\/7114"}],"wp:attachment":[{"href":"https:\/\/www.kaspersky.de\/blog\/wp-json\/wp\/v2\/media?parent=7113"}],"wp:term":[{"taxonomy":"category","embeddable":true,"href":"https:\/\/www.kaspersky.de\/blog\/wp-json\/wp\/v2\/categories?post=7113"},{"taxonomy":"post_tag","embeddable":true,"href":"https:\/\/www.kaspersky.de\/blog\/wp-json\/wp\/v2\/tags?post=7113"}],"curies":[{"name":"wp","href":"https:\/\/api.w.org\/{rel}","templated":true}]}}