{"id":285,"date":"2010-02-05T14:35:00","date_gmt":"2010-02-05T14:35:00","guid":{"rendered":"http:\/\/kasperskydaily.com\/germany\/2010\/02\/05\/kaspersky-mobile-security-9-auf-dem-mobile-world-congress\/"},"modified":"2017-05-18T17:37:12","modified_gmt":"2017-05-18T17:37:12","slug":"kaspersky-mobile-security-9-auf-dem-mobile-world-congress","status":"publish","type":"post","link":"https:\/\/www.kaspersky.de\/blog\/kaspersky-mobile-security-9-auf-dem-mobile-world-congress\/285\/","title":{"rendered":"Kaspersky Mobile Security 9 auf dem Mobile World Congress"},"content":{"rendered":"<div style=\"font-family: inherit\"><a href=\"https:\/\/media.kasperskydaily.com\/wp-content\/uploads\/sites\/96\/2010\/02\/06132850\/mobileworldcongress.png\"><img decoding=\"async\" border=\"0\" src=\"https:\/\/media.kasperskydaily.com\/wp-content\/uploads\/sites\/96\/2010\/02\/06132850\/mobileworldcongress.png\"><\/a><span style=\"font-size: small\">Auch dieses Jahr ist Kaspersky Lab wieder auf der weltgr\u00f6\u00dften Mobilfunkmesse in Barcelona vertreten und pr\u00e4sentiert die neue Schutzl\u00f6sung f\u00fcr Smartphones: Kaspersky Mobile Security 9.\u00a0<\/span><\/div>\n<div style=\"font-family: inherit\"><span style=\"font-size: small\">Neben der Pr\u00e4sentation selbst wird es die M\u00f6glichkeit geben einen Vortrag von CEO und Mitbegr\u00fcnder Eugene Kaspersky zum Thema \u201eThe Future of Mobile Security: The Kaspersky Vision\u201c, zu h\u00f6ren.<\/span><\/div>\n","protected":false},"excerpt":{"rendered":"<p>Auch dieses Jahr ist Kaspersky Lab wieder auf der weltgr\u00f6\u00dften Mobilfunkmesse in Barcelona vertreten und pr\u00e4sentiert die neue Schutzl\u00f6sung f\u00fcr Smartphones: Kaspersky Mobile Security 9.\u00a0 Neben der Pr\u00e4sentation selbst wird<\/p>\n","protected":false},"author":32,"featured_media":0,"comment_status":"open","ping_status":"open","sticky":false,"template":"","format":"standard","meta":{"_acf_changed":false,"footnotes":""},"categories":[6],"tags":[],"class_list":{"0":"post-285","1":"post","2":"type-post","3":"status-publish","4":"format-standard","6":"category-news"},"hreflang":[{"hreflang":"de","url":"https:\/\/www.kaspersky.de\/blog\/kaspersky-mobile-security-9-auf-dem-mobile-world-congress\/285\/"}],"acf":[],"banners":"","maintag":[],"_links":{"self":[{"href":"https:\/\/www.kaspersky.de\/blog\/wp-json\/wp\/v2\/posts\/285","targetHints":{"allow":["GET"]}}],"collection":[{"href":"https:\/\/www.kaspersky.de\/blog\/wp-json\/wp\/v2\/posts"}],"about":[{"href":"https:\/\/www.kaspersky.de\/blog\/wp-json\/wp\/v2\/types\/post"}],"author":[{"embeddable":true,"href":"https:\/\/www.kaspersky.de\/blog\/wp-json\/wp\/v2\/users\/32"}],"replies":[{"embeddable":true,"href":"https:\/\/www.kaspersky.de\/blog\/wp-json\/wp\/v2\/comments?post=285"}],"version-history":[{"count":1,"href":"https:\/\/www.kaspersky.de\/blog\/wp-json\/wp\/v2\/posts\/285\/revisions"}],"predecessor-version":[{"id":13112,"href":"https:\/\/www.kaspersky.de\/blog\/wp-json\/wp\/v2\/posts\/285\/revisions\/13112"}],"wp:attachment":[{"href":"https:\/\/www.kaspersky.de\/blog\/wp-json\/wp\/v2\/media?parent=285"}],"wp:term":[{"taxonomy":"category","embeddable":true,"href":"https:\/\/www.kaspersky.de\/blog\/wp-json\/wp\/v2\/categories?post=285"},{"taxonomy":"post_tag","embeddable":true,"href":"https:\/\/www.kaspersky.de\/blog\/wp-json\/wp\/v2\/tags?post=285"}],"curies":[{"name":"wp","href":"https:\/\/api.w.org\/{rel}","templated":true}]}}