{"id":278,"date":"2010-02-17T11:19:00","date_gmt":"2010-02-17T11:19:00","guid":{"rendered":"http:\/\/kasperskydaily.com\/germany\/2010\/02\/17\/fur-eine-saubere-digitale-umwelt-kaspersky-lab-auf-der-cebit-2010\/"},"modified":"2013-05-20T21:41:59","modified_gmt":"2013-05-20T21:41:59","slug":"fur-eine-saubere-digitale-umwelt-kaspersky-lab-auf-der-cebit-2010","status":"publish","type":"post","link":"https:\/\/www.kaspersky.de\/blog\/fur-eine-saubere-digitale-umwelt-kaspersky-lab-auf-der-cebit-2010\/278\/","title":{"rendered":"F\u00fcr eine saubere digitale Umwelt \/\/ Kaspersky Lab auf der CeBIT 2010"},"content":{"rendered":"<div style=\"font-family: inherit;line-height: 150%;text-align: left\"><span style=\"font-size: small;line-height: 150%\">Der IT-Sicherheitsexperte informiert \u00fcber aktuelle Web-2.0-Gefahren und pr\u00e4sentiert neue Sicherheitsl\u00f6sungen f\u00fcr die ganze Familie. Vom 2. bis 6. M\u00e4rz 2010 gibt das IT-Sicherheitsunternehmen auf der CeBIT 2010 einen kompletten \u00dcberblick \u00fcber seine Sicherheitsprodukte und informiert \u00fcber aktuelle Bedrohungen. Neu vorgestellt werden die umfassende Security-L\u00f6sung \u201ePURE, den ultimativen Schutz f\u00fcr Ihr digitales Leben\u201c sowie Kaspersky Mobile Security 9.0.<\/span><\/div>\n","protected":false},"excerpt":{"rendered":"<p>Der IT-Sicherheitsexperte informiert \u00fcber aktuelle Web-2.0-Gefahren und pr\u00e4sentiert neue Sicherheitsl\u00f6sungen f\u00fcr die ganze Familie. Vom 2. bis 6. M\u00e4rz 2010 gibt das IT-Sicherheitsunternehmen auf der CeBIT 2010 einen kompletten \u00dcberblick<\/p>\n","protected":false},"author":32,"featured_media":0,"comment_status":"open","ping_status":"open","sticky":false,"template":"","format":"standard","meta":{"_acf_changed":false,"footnotes":""},"categories":[6],"tags":[],"class_list":{"0":"post-278","1":"post","2":"type-post","3":"status-publish","4":"format-standard","6":"category-news"},"hreflang":[{"hreflang":"de","url":"https:\/\/www.kaspersky.de\/blog\/fur-eine-saubere-digitale-umwelt-kaspersky-lab-auf-der-cebit-2010\/278\/"}],"acf":[],"banners":"","maintag":[],"_links":{"self":[{"href":"https:\/\/www.kaspersky.de\/blog\/wp-json\/wp\/v2\/posts\/278","targetHints":{"allow":["GET"]}}],"collection":[{"href":"https:\/\/www.kaspersky.de\/blog\/wp-json\/wp\/v2\/posts"}],"about":[{"href":"https:\/\/www.kaspersky.de\/blog\/wp-json\/wp\/v2\/types\/post"}],"author":[{"embeddable":true,"href":"https:\/\/www.kaspersky.de\/blog\/wp-json\/wp\/v2\/users\/32"}],"replies":[{"embeddable":true,"href":"https:\/\/www.kaspersky.de\/blog\/wp-json\/wp\/v2\/comments?post=278"}],"version-history":[{"count":0,"href":"https:\/\/www.kaspersky.de\/blog\/wp-json\/wp\/v2\/posts\/278\/revisions"}],"wp:attachment":[{"href":"https:\/\/www.kaspersky.de\/blog\/wp-json\/wp\/v2\/media?parent=278"}],"wp:term":[{"taxonomy":"category","embeddable":true,"href":"https:\/\/www.kaspersky.de\/blog\/wp-json\/wp\/v2\/categories?post=278"},{"taxonomy":"post_tag","embeddable":true,"href":"https:\/\/www.kaspersky.de\/blog\/wp-json\/wp\/v2\/tags?post=278"}],"curies":[{"name":"wp","href":"https:\/\/api.w.org\/{rel}","templated":true}]}}