{"id":27057,"date":"2021-07-15T15:42:15","date_gmt":"2021-07-15T13:42:15","guid":{"rendered":"https:\/\/www.kaspersky.de\/blog\/?p=27057"},"modified":"2021-07-15T15:42:15","modified_gmt":"2021-07-15T13:42:15","slug":"mwc21-back-to-new-normal","status":"publish","type":"post","link":"https:\/\/www.kaspersky.de\/blog\/mwc21-back-to-new-normal\/27057\/","title":{"rendered":"MWC 2021: Kein Ort f\u00fcr Technikfeinde"},"content":{"rendered":"<p>Nach einer zweij\u00e4hrigen Pause fand der Mobile World Congress \u2013 die gr\u00f6\u00dfte Mobilfunkmesse der Welt \u2013 Ende Juni erneut statt. Die Kritiken vielen unterschiedlich aus. Vor der Pandemie waren die acht wichtigsten Messest\u00e4nde brechend voll, aber dieses Jahr konnte man nur von drei sagen, dass auf dem Stand fast keine weiteren Besucher mehr Platz hatten. Viele gro\u00dfe Unternehmen entschlossen sich nicht an dem MWC21 teilzunehmen. Die Pr\u00e4sentationen von neuen Produkten waren auch nicht unbedingt die interessantesten. Angesichts der steigenden Corona-Inzidenzwerten in Spanien waren einige Personen der Meinung, dass es voreilig sei, gro\u00dfe Events zu organisieren.<\/p>\n<p>Die Liste an Kritiken am Event ist lang und berechtigt. Der MWC21 <a href=\"https:\/\/eugene.kaspersky.de\/2021\/07\/09\/noch-ist-der-mwc-barcelona-nicht-verloren\/\" target=\"_blank\" rel=\"noopener\">ist Lichtjahre entfernt<\/a> vom gigantischen Mobile World Congress der Vergangenheit entfernt. Trotzdem war die Mobilfunkmesse dieses Jahres ein interessanter und wichtiger Event. In erster Linie, weil die Messe die R\u00fcckkehr zur neuen Normalit\u00e4t symbolisiert, auch wenn sie sich stark von der Normalit\u00e4t unterscheidet, die wir vor der Pandemie kannten.<\/p>\n<p>Dar\u00fcber hinaus bot der MWC21 eine Vorschau davon, wie andere wichtige Konferenzen und \u00e4hnlich stark besuchte Events in naher Zukunft aussehen k\u00f6nnten. Die umfangreichen Sicherheitsma\u00dfnahmen z\u00e4hlten m\u00f6glicherweise zu den interessantesten Aspekten der Messeveranstaltung. Ob man damit einverstanden ist oder nicht, werden diese neuen Technologien Teil unseres Alltags werden, wenn wir etwas offline machen m\u00f6chten.<\/p>\n<div id=\"attachment_27061\" style=\"width: 1210px\" class=\"wp-caption aligncenter\"><img loading=\"lazy\" decoding=\"async\" aria-describedby=\"caption-attachment-27061\" class=\"wp-image-27061 size-full\" src=\"https:\/\/media.kasperskydaily.com\/wp-content\/uploads\/sites\/96\/2021\/07\/13145624\/9653712_original.jpg\" alt=\"Eine Fira Gran Via Barcelona mit einer fast unheimlich geringen Anzahl an Menschen\" width=\"1200\" height=\"800\"><p id=\"caption-attachment-27061\" class=\"wp-caption-text\">Im <a href=\"https:\/\/eugene.kaspersky.com\/2021\/07\/07\/mwc-barcelona-down-but-not-out\/\" target=\"_blank\" rel=\"noopener\">Blogbeitrag MWC21 <\/a>von Eugene Kaspersky finden Sie ganz viele Fotos<\/p><\/div>\n<h2>Ohne Smartphone, kein Zutritt<\/h2>\n<p>Die Verwendung von Apps auf gro\u00dfen Events ist nichts Neues und wird schon seit Langem \u00fcberwiegend f\u00fcr die Bequemlichkeit der Benutzer eingesetzt, beispielsweise, um Zeitpl\u00e4ne abzurufen oder sich f\u00fcr eine Sitzung anzumelden. Neu ist, dass Konferenz-Apps jetzt zu den Zutrittsanforderung z\u00e4hlen.<\/p>\n<p>Die allgemein bekannten Namensschilder sind Schnee von gestern \u2013 an ihrer Stelle treten moderne Smartphones mit aktueller Version von Android, HarmonyOS (Huwai) oder iOS, auf denen die Messe-App installiert werden kann. Benutzer von \u00e4lteren Smartphones werden hier vollkommen diskriminiert, was m\u00f6glicherweise damit gerechtfertigt werden kann, dass es sich hier schlie\u00dflich um eine Mobilfunkmesse handelt. Aber es sieht so aus, als wenn dasselbe System in naher Zukunft auch auf Events angewendet wird, auf denen sich nicht alles um die neuesten Technologien dreht.<\/p>\n<p>Die Besucher durften die Messe nur mit negativem Corona-Testergebnis betreten. Au\u00dferdem mussten sie sich \u2013 egal ob geimpft oder nicht \u2013 alle 72 Stunden erneut testen lassen und die Ergebnisse in der App angeben. T\u00e4glich wurde zus\u00e4tzlich eine Gesundheitserkl\u00e4rung angefordert.<\/p>\n<p>In einer riesigen Halle, die an die Grenzkontrolle eines gro\u00dfen Flughafens erinnerte, konnten sich die Besucher direkt auf dem Messegel\u00e4nde testen lassen. Der Sicherheitsabstand von 1,5 m in der Schlange wurde nicht immer eingehalten, aber alle waren in weniger als einer Stunde wieder drau\u00dfen.<\/p>\n<p>Ein weiterer Blick in die Zukunft bot uns die Eingangskontrolle \u2013 hier wurde Gesichtserkennung verwendet, um die Identit\u00e4ten auf den digitalen Ausweisen zu \u00fcberpr\u00fcfen. (Es gab allerdings auch die Option die Identit\u00e4t manuell, per amtlichen Identit\u00e4tsnachweis zu erbringen. Allerdings beanspruchte diese Verifizierungsform etwas mehr Zeit.)<\/p>\n<p>Das biometrische System erkannte die meisten Besucher, obwohl sie Mund-Nase-Schutz trugen \u2013 das ist eine beachtliche Leistung, schlie\u00dflich geht es hier um FFP2-Masken, die mehr als die H\u00e4lfte des Gesichts abdecken. Es gab nat\u00fcrlich Ausnahmen und in manchen F\u00e4llen mussten die Angestellten die Besucher bitten, die Maske etwas herunterzuziehen. Es ist schwer zu sagen, inwiefern diese komplexe Vorgehensweise wirklich die Verbreitung des Virus verhindert, aber es sah recht \u00fcberzeugend aus.<\/p>\n<p>Ein Teil des Mobile World Congress war auch virtuell, denn viele Besucher und Aussteller entschieden sich letztendlich daf\u00fcr die Risiken eines Pr\u00e4senzevents nicht in Kauf zu nehmen. Einige Live-Sessions, wie <a href=\"https:\/\/www.youtube.com\/watch?v=kr24xE9-9t4\" target=\"_blank\" rel=\"noopener nofollow\">unsere Pressekonferenz zum Thema Cybersicherheitsprobleme mit Dating-Apps<\/a>, wurden gestreamt. Andere machten es genau umgekehrt: Der Sprecher wurde live per Video-\u00dcbertragung zugeschaltet \u2013 f\u00fcr alle Personen deutlich sichtbar auf dem Gro\u00dfbildschirm. Andere wiederum zeichneten die Pr\u00e4sentationen auf.<\/p>\n<p><span class=\"embed-youtube\" style=\"text-align:center; display: block;\"><iframe class=\"youtube-player\" type=\"text\/html\" width=\"640\" height=\"390\" src=\"https:\/\/www.youtube.com\/embed\/kr24xE9-9t4?version=3&amp;rel=1&amp;fs=1&amp;showsearch=0&amp;showinfo=1&amp;iv_load_policy=1&amp;wmode=transparent\" frameborder=\"0\" allowfullscreen=\"true\"><\/iframe><\/span><\/p>\n<h2>Lehrreiches f\u00fcr die Zukunft<\/h2>\n<p>Es ist eher unwahrscheinlich, dass Konferenzen und Messen erneut mit derselben Gr\u00f6\u00dfenordnung wie vor der Pandemie veranstaltet werden. Das ist nat\u00fcrlich keine \u00dcberraschung, aber nach dem MWC21 ist es unbestreitbar. Noch vor sechs Monaten dachten viele, dass mit dem neuen Impfstoff die Gruppenimmunit\u00e4t erreicht werden k\u00f6nne und ab dem Sommer oder sp\u00e4testens im Herbst alles wieder wie fr\u00fcher w\u00e4re.<\/p>\n<p>Bis jetzt zumindest sind Technikfeinde zu Hause besser aufgehoben. Mobile Apps, Biometrie und andere Arten von 5G-Mikrochips werden auf gro\u00dfen Events f\u00fcr absehbare Zeit unvermeidbar sein. Abgesehen davon, geht das Leben weiter. Letzten Endes fand der Mobile World Congress 2021 in Barcelona statt und das war echt beeindruckend.<\/p>\n<p><strong><input type=\"hidden\" class=\"category_for_banner\" value=\"earth-2050\"><\/strong><\/p>\n","protected":false},"excerpt":{"rendered":"<p>Digitale Messeausweise, COVID-Tests alle 72 Stunden, FFP2-Maskenpflicht und andere Anzeichen der neuen Normalit\u00e4t auf dem Mobile World Congress (MWC) 2021 in Barcelona.<\/p>\n","protected":false},"author":521,"featured_media":27058,"comment_status":"closed","ping_status":"closed","sticky":false,"template":"","format":"standard","meta":{"_acf_changed":false,"footnotes":""},"categories":[2712],"tags":[909,3489,3561,3857,312,1367,3850],"class_list":{"0":"post-27057","1":"post","2":"type-post","3":"status-publish","4":"format-standard","5":"has-post-thumbnail","7":"category-special-projects","8":"tag-biometrie","9":"tag-coronavirus","10":"tag-covid-19","11":"tag-hybrides-arbeits-modell","12":"tag-mobile-world-congress","13":"tag-mwc","14":"tag-mwc21"},"hreflang":[{"hreflang":"de","url":"https:\/\/www.kaspersky.de\/blog\/mwc21-back-to-new-normal\/27057\/"},{"hreflang":"en-in","url":"https:\/\/www.kaspersky.co.in\/blog\/mwc21-back-to-new-normal\/23050\/"},{"hreflang":"en-ae","url":"https:\/\/me-en.kaspersky.com\/blog\/mwc21-back-to-new-normal\/18532\/"},{"hreflang":"en-us","url":"https:\/\/usa.kaspersky.com\/blog\/mwc21-back-to-new-normal\/25006\/"},{"hreflang":"en-gb","url":"https:\/\/www.kaspersky.co.uk\/blog\/mwc21-back-to-new-normal\/23015\/"},{"hreflang":"es-mx","url":"https:\/\/latam.kaspersky.com\/blog\/mwc21-back-to-new-normal\/22314\/"},{"hreflang":"es","url":"https:\/\/www.kaspersky.es\/blog\/mwc21-back-to-new-normal\/25631\/"},{"hreflang":"it","url":"https:\/\/www.kaspersky.it\/blog\/mwc21-back-to-new-normal\/25097\/"},{"hreflang":"ru","url":"https:\/\/www.kaspersky.ru\/blog\/mwc21-back-to-new-normal\/31037\/"},{"hreflang":"tr","url":"https:\/\/www.kaspersky.com.tr\/blog\/mwc21-back-to-new-normal\/9828\/"},{"hreflang":"x-default","url":"https:\/\/www.kaspersky.com\/blog\/mwc21-back-to-new-normal\/40572\/"},{"hreflang":"fr","url":"https:\/\/www.kaspersky.fr\/blog\/mwc21-back-to-new-normal\/17322\/"},{"hreflang":"pt-br","url":"https:\/\/www.kaspersky.com.br\/blog\/mwc21-back-to-new-normal\/17773\/"},{"hreflang":"pl","url":"https:\/\/plblog.kaspersky.com\/mwc21-back-to-new-normal\/15039\/"},{"hreflang":"ja","url":"https:\/\/blog.kaspersky.co.jp\/mwc21-back-to-new-normal\/31207\/"},{"hreflang":"nl","url":"https:\/\/www.kaspersky.nl\/blog\/mwc21-back-to-new-normal\/27286\/"},{"hreflang":"ru-kz","url":"https:\/\/blog.kaspersky.kz\/mwc21-back-to-new-normal\/24092\/"},{"hreflang":"en-au","url":"https:\/\/www.kaspersky.com.au\/blog\/mwc21-back-to-new-normal\/29427\/"},{"hreflang":"en-za","url":"https:\/\/www.kaspersky.co.za\/blog\/mwc21-back-to-new-normal\/29219\/"}],"acf":[],"banners":"","maintag":{"url":"https:\/\/www.kaspersky.de\/blog\/tag\/mwc\/","name":"MWC"},"_links":{"self":[{"href":"https:\/\/www.kaspersky.de\/blog\/wp-json\/wp\/v2\/posts\/27057","targetHints":{"allow":["GET"]}}],"collection":[{"href":"https:\/\/www.kaspersky.de\/blog\/wp-json\/wp\/v2\/posts"}],"about":[{"href":"https:\/\/www.kaspersky.de\/blog\/wp-json\/wp\/v2\/types\/post"}],"author":[{"embeddable":true,"href":"https:\/\/www.kaspersky.de\/blog\/wp-json\/wp\/v2\/users\/521"}],"replies":[{"embeddable":true,"href":"https:\/\/www.kaspersky.de\/blog\/wp-json\/wp\/v2\/comments?post=27057"}],"version-history":[{"count":4,"href":"https:\/\/www.kaspersky.de\/blog\/wp-json\/wp\/v2\/posts\/27057\/revisions"}],"predecessor-version":[{"id":27068,"href":"https:\/\/www.kaspersky.de\/blog\/wp-json\/wp\/v2\/posts\/27057\/revisions\/27068"}],"wp:featuredmedia":[{"embeddable":true,"href":"https:\/\/www.kaspersky.de\/blog\/wp-json\/wp\/v2\/media\/27058"}],"wp:attachment":[{"href":"https:\/\/www.kaspersky.de\/blog\/wp-json\/wp\/v2\/media?parent=27057"}],"wp:term":[{"taxonomy":"category","embeddable":true,"href":"https:\/\/www.kaspersky.de\/blog\/wp-json\/wp\/v2\/categories?post=27057"},{"taxonomy":"post_tag","embeddable":true,"href":"https:\/\/www.kaspersky.de\/blog\/wp-json\/wp\/v2\/tags?post=27057"}],"curies":[{"name":"wp","href":"https:\/\/api.w.org\/{rel}","templated":true}]}}