{"id":24263,"date":"2020-06-17T13:30:36","date_gmt":"2020-06-17T11:30:36","guid":{"rendered":"https:\/\/www.kaspersky.de\/blog\/?p=24263"},"modified":"2020-07-09T08:24:20","modified_gmt":"2020-07-09T06:24:20","slug":"erstes-europaisches-policy-webinar-von-kaspersky","status":"publish","type":"post","link":"https:\/\/www.kaspersky.de\/blog\/erstes-europaisches-policy-webinar-von-kaspersky\/24263\/","title":{"rendered":"Hochkar\u00e4tige Referenten von der EU und aus den Mitgliedstaaten diskutieren \u00fcber die Herausforderungen und Perspektiven der Cybersicherheit in Europa"},"content":{"rendered":"<p><em>\u201eTechnologie, die auf den Menschen ausgerichtet ist: Warum eine angemessene Cybersicherheit entscheidend f\u00fcr die Digitalisierung ist\u201c<\/em> \u2013 dieser Frage gingen aus unterschiedlichen Perspektiven namhafte Referenten von der EU und den Mitgliedsstaaten beim ersten Kaspersky Webcast zu den Herausforderungen und Perspektiven der europ\u00e4ischen Cybersicherheitspolitik ein. Und mit dem Thema und den Referenten schienen wir ins Schwarze getroffen haben: Mehr als 100 Teilnehmer nahmen an diesem interessanten Gedankenaustausch teil.<\/p>\n<p><img loading=\"lazy\" decoding=\"async\" class=\"aligncenter size-large wp-image-24264\" src=\"https:\/\/media.kasperskydaily.com\/wp-content\/uploads\/sites\/96\/2020\/06\/17074351\/Webinar_3-1024x523.jpg\" alt=\"digitalisierung\" width=\"1024\" height=\"523\"><\/p>\n<p>Ein Aspekt wurde schnell klar: Die Digitalisierung er\u00f6ffnet gro\u00dfe Chancen. Sie ist alternativlos. Aber die Verwundbarkeit gegen\u00fcber Cyber-Attacken hat in den vergangenen Jahren zugenommen. Mit dem Corona-bedingten Lockdown hat sich dieser Trend zudem beschleunigt. Dadurch, dass viele Arbeitnehmer im Home Office arbeiten und \u00fcber das Internet auf das Firmennetz zugreifen, hat Cyberkriminellen neue M\u00f6glichkeiten er\u00f6ffnet.<\/p>\n<blockquote class=\"twitter-tweet\" data-width=\"500\" data-dnt=\"true\">\n<p lang=\"en\" dir=\"ltr\">That was an insightful session with <a href=\"https:\/\/twitter.com\/AxelVossMdEP?ref_src=twsrc%5Etfw\" target=\"_blank\" rel=\"noopener nofollow\">@AxelVossMdEP<\/a>, <a href=\"https:\/\/twitter.com\/ebothorel?ref_src=twsrc%5Etfw\" target=\"_blank\" rel=\"noopener nofollow\">@ebothorel<\/a>, Luisa Franchina, Jakub Boratynski and 80+ participants on cybersecurity and digital sovereignty in times of COVID-19 <a href=\"https:\/\/t.co\/BVKmUS908p\" target=\"_blank\" rel=\"noopener nofollow\">pic.twitter.com\/BVKmUS908p<\/a><\/p>\n<p>\u2014 Eugene Kaspersky (@e_kaspersky) <a href=\"https:\/\/twitter.com\/e_kaspersky\/status\/1270588169348677633?ref_src=twsrc%5Etfw\" target=\"_blank\" rel=\"noopener nofollow\">June 10, 2020<\/a><\/p><\/blockquote>\n<p><script async src=\"https:\/\/platform.twitter.com\/widgets.js\" charset=\"utf-8\"><\/script><\/p>\n<p>Diese Situation m\u00fcsse gr\u00fcndlich reflektiert und langfristige Ma\u00dfnahmen erarbeitet werden, forderte <strong>Luisa Franchina<\/strong>, Pr\u00e4sidentin des italienischen Verbands f\u00fcr kritische Infrastrukturen. Sie ermutigte die europ\u00e4ischen Interessenvertreter, \u00dcberlegungen zur Gesch\u00e4ftskontinuit\u00e4t und zum Krisenmanagement k\u00fcnftig mehr Aufmerksamkeit zu schenken. Dabei sollten Vertrauen, Transparenz und gemeinsame Sicherheitsstandards die Grundlage f\u00fcr einen sichereren Cyberraum bilden.<\/p>\n<p>\u00a0<\/p>\n<p><strong>Axel Voss<\/strong>, Mitglied des Europ\u00e4ischen Parlamentes, betonte, dass die Fragmentierung der Politik in der EU ein Nachteil sei. Die Union m\u00fcsse in ihrer Gesetzgebung den digitalen Binnenmarkt f\u00f6rdern und st\u00e4rken. Hierzu seien schnelle und effektive Ma\u00dfnahmen erforderlich, um die anstehenden Herausforderungen im Bereich der Cybersicherheit zu bew\u00e4ltigen und Cyber-Resilienz zu erreichen. Ein l\u00e4nder\u00fcbergreifender Dialog unter Einbeziehung aller Interessengruppen sei der Schl\u00fcssel zur Gestaltung der Zukunft der Cybersicherheit: \u201eEinheitliches Handeln ist der einzige Weg.\u201c<\/p>\n<p>\u00a0<\/p>\n<p><strong>Eric Bothorel<\/strong>, Abgeordneter der franz\u00f6sischen Nationalversammlung, stellte auf den massiven digitalen Wandel ab, der die Gef\u00e4hrdung durch Cyberangriffe erh\u00f6ht hat. Mehr als acht Millionen Franzosen w\u00fcrden derzeit in Telearbeit erbringen. Diese Mitarbeiter ben\u00f6tigten Unterst\u00fctzung und Training sowie einen technischen sicheren Arbeitsplatz. \u201eWir m\u00fcssen uns jetzt damit befassen und das Risiko heute bew\u00e4ltigen.\u201c<\/p>\n<div class=\"pullquote\">\n<p>Sicherheit sollte zur DNA der Systeme werden: Nur so k\u00f6nnen sie wirklich unhackbar gemacht werden.<\/p>\n<\/div>\n<p><em>CyberImmunity<\/em> k\u00f6nnte die L\u00f6sung sein, erl\u00e4uterte <strong>Eugene Kaspersky.<\/strong> Er machte klar, dass die derzeitigen Methoden des Risikomanagements nicht mehr ausreichen w\u00fcrden, um komplexe Infrastrukturen zu sch\u00fctzen. Deswegen m\u00fcsse die Architektur aller Systeme in Richtung \u201eSecurity-by-Design\u201c umgestaltet werden. Mit anderen Worten: \u201eSicherheit sollte zur DNA der Systeme werden: Nur so k\u00f6nnen sie wirklich unhackbar gemacht werden\u201c.<\/p>\n<p>\u00a0<\/p>\n<p><strong>Jakub Boraty\u0144ski<\/strong>, amtierender Direktor des Direktorates <em>H Digitale Gesellschaft, Vertrauen &amp; Cybersicherheit<\/em> bei der Europ\u00e4ischen Kommission, stellte fest, dass auf politischer Ebene die Herausforderung darin besteht, die richtige Mischung von Anreizen zu finden, um die Cybersicherheitsrisiken auf einem akzeptablen Niveau zu halten. K\u00fcnftige EU-Regulierungen sollten allen Akteuren \u2013 von den Staaten bis hin zu Sicherheitsanbietern und IT-Nutzern \u2013 in angemessener Weise Verantwortlichkeiten zuschreiben.<\/p>\n<p>Hier k\u00f6nnen Sie die Aufzeichnung des Webcasts anschauen:<\/p>\n<p><span class=\"embed-youtube\" style=\"text-align:center; display: block;\"><iframe class=\"youtube-player\" type=\"text\/html\" width=\"640\" height=\"390\" src=\"https:\/\/www.youtube.com\/embed\/j7L39A7M1UY?version=3&amp;rel=1&amp;fs=1&amp;showsearch=0&amp;showinfo=1&amp;iv_load_policy=1&amp;wmode=transparent\" frameborder=\"0\" allowfullscreen=\"true\"><\/iframe><\/span><\/p>\n<p>Nach dem erfolgreichen Auftakt wollen wir den Dialog \u00fcber die entscheidende Rolle von Vertrauen, Transparenz und gemeinsame Sicherheitsstandards sowie \u00fcber die Bedeutung der Grenz- und Sektor \u00fcbergreifenden Zusammenarbeit zur St\u00e4rkung der Cybersicherheit auch in Zukunft fortsetzen. Wir sind \u00fcberzeugt, dass wir alle auf diese Weise zu einem sichereren digitalen Raum auf nationaler, europ\u00e4ischer und globaler Ebene beitragen k\u00f6nnen.<\/p>\n<p>Wenn Sie daran interessiert sind, an weiteren Webcasts zu diesen Themen teilzunehmen, senden Sie uns bitte eine E-Mail an <a href=\"mailto:Kaspersky.EU-Policy@political-intelligence.com\" target=\"_blank\" rel=\"noopener\">Kaspersky.EU-Policy@political-intelligence.com<\/a>.<\/p>\n","protected":false},"excerpt":{"rendered":"<p>Digitalisierung er\u00f6ffnet uns gro\u00dfartige M\u00f6glichkeiten aber gleichzeitig steigt auch die Bedrohung durch Cyberattacken. Wie sollten wir damit umgehen? <\/p>\n","protected":false},"author":2605,"featured_media":24265,"comment_status":"closed","ping_status":"closed","sticky":false,"template":"","format":"standard","meta":{"_acf_changed":false,"footnotes":""},"categories":[6],"tags":[3389,3227],"class_list":{"0":"post-24263","1":"post","2":"type-post","3":"status-publish","4":"format-standard","5":"has-post-thumbnail","7":"category-news","8":"tag-cyberimmunity","9":"tag-digitalisierung"},"hreflang":[{"hreflang":"de","url":"https:\/\/www.kaspersky.de\/blog\/erstes-europaisches-policy-webinar-von-kaspersky\/24263\/"}],"acf":[],"banners":"","maintag":{"url":"https:\/\/www.kaspersky.de\/blog\/tag\/digitalisierung\/","name":"Digitalisierung"},"_links":{"self":[{"href":"https:\/\/www.kaspersky.de\/blog\/wp-json\/wp\/v2\/posts\/24263","targetHints":{"allow":["GET"]}}],"collection":[{"href":"https:\/\/www.kaspersky.de\/blog\/wp-json\/wp\/v2\/posts"}],"about":[{"href":"https:\/\/www.kaspersky.de\/blog\/wp-json\/wp\/v2\/types\/post"}],"author":[{"embeddable":true,"href":"https:\/\/www.kaspersky.de\/blog\/wp-json\/wp\/v2\/users\/2605"}],"replies":[{"embeddable":true,"href":"https:\/\/www.kaspersky.de\/blog\/wp-json\/wp\/v2\/comments?post=24263"}],"version-history":[{"count":6,"href":"https:\/\/www.kaspersky.de\/blog\/wp-json\/wp\/v2\/posts\/24263\/revisions"}],"predecessor-version":[{"id":24655,"href":"https:\/\/www.kaspersky.de\/blog\/wp-json\/wp\/v2\/posts\/24263\/revisions\/24655"}],"wp:featuredmedia":[{"embeddable":true,"href":"https:\/\/www.kaspersky.de\/blog\/wp-json\/wp\/v2\/media\/24265"}],"wp:attachment":[{"href":"https:\/\/www.kaspersky.de\/blog\/wp-json\/wp\/v2\/media?parent=24263"}],"wp:term":[{"taxonomy":"category","embeddable":true,"href":"https:\/\/www.kaspersky.de\/blog\/wp-json\/wp\/v2\/categories?post=24263"},{"taxonomy":"post_tag","embeddable":true,"href":"https:\/\/www.kaspersky.de\/blog\/wp-json\/wp\/v2\/tags?post=24263"}],"curies":[{"name":"wp","href":"https:\/\/api.w.org\/{rel}","templated":true}]}}