{"id":20491,"date":"2019-11-14T12:33:45","date_gmt":"2019-11-14T10:33:45","guid":{"rendered":"https:\/\/www.kaspersky.de\/blog\/?p=20491"},"modified":"2019-11-22T11:57:29","modified_gmt":"2019-11-22T09:57:29","slug":"thema-cybermobbing-werden-selbst-harte-maenner-weich","status":"publish","type":"post","link":"https:\/\/www.kaspersky.de\/blog\/thema-cybermobbing-werden-selbst-harte-maenner-weich\/20491\/","title":{"rendered":"Beim Thema Cybermobbing werden selbst harte M\u00e4nner weich"},"content":{"rendered":"<p>M\u00e4nner gelten \u2013 im Gegensatz zu Frauen \u2013 landl\u00e4ufig als weniger \u00e4ngstlich. Wie die aktuelle Kaspersky-Studie \u201e<a href=\"https:\/\/www.kaspersky.de\/blog\/mobbt-mein-kind-im-web\/20393\/\" target=\"_blank\" rel=\"noopener\">Cybermobbing unter Jugendlichen \u2013 was Eltern denken<\/a>\u201c zeigt, ist dies beim Thema Cybermobbing jedoch anders. So ergab die zugrundeliegende Umfrage, dass die Sorge, das eigene Kind k\u00f6nnte Opfer oder auch T\u00e4ter in Sachen Cybermobbing sein, bei V\u00e4tern in Deutschland mit 44,8 Prozent merklich st\u00e4rker ausgepr\u00e4gt ist als bei M\u00fcttern (35,3 Prozent).<\/p>\n<p>Der allj\u00e4hrlich am 19. November gefeierte Internationale M\u00e4nnertag hat sich unter anderem zum Ziel gesetzt, den Einsatz der V\u00e4ter f\u00fcr die Betreuung der Kinder zu w\u00fcrdigen. Denn gerade die M\u00e4nner scheinen in gewissen Fragen der Kindererziehung eine besondere Sensibilit\u00e4t an den Tag zu legen. So \u00fcberwog etwa hinsichtlich der Bef\u00fcrchtung, das eigene Kind k\u00f6nnte ein Cybermobbing-T\u00e4ter sein, die Sorge bei den befragten V\u00e4tern mit 24,2 Prozent deutlich gegen\u00fcber den M\u00fcttern mit lediglich 16,3 Prozent.<\/p>\n<h3>Cybermobbing gegen Lehrkr\u00e4ften?<\/h3>\n<p>Auch die Angst, der eigene Nachwuchs k\u00f6nnte sogar Lehrkr\u00e4fte bereits \u00fcber digitale Kan\u00e4le schikanieren, ist bei M\u00e4nnern st\u00e4rker ausgepr\u00e4gt. W\u00e4hrend lediglich 12,3 Prozent der M\u00fctter diese Sorge hegen, sind es bei den M\u00e4nnern 20,2 Prozent. \u00c4hnlich ist es auch im umgekehrten Fall, also dem Bedenken, das eigene Kind k\u00f6nnte von einem Lehrer digital gemobbt werden. Dieser Frage stimmten lediglich 11,1 Prozent der M\u00fctter zu, w\u00e4hrend die V\u00e4ter mit 21,8 Prozent eine wesentlich gr\u00f6\u00dfere Sorge diesbez\u00fcglich zeigten.<\/p>\n<h3><strong>Cyberdaddys: Diskrepanz zwischen Sorge und Austausch <\/strong><\/h3>\n<p>Im Rahmen der Kaspersky-Studie gaben 48,8 Prozent der M\u00e4nner und 52,8 Prozent der Frauen an, regelm\u00e4\u00dfig mit ihren Kindern \u00fcber digitale Gefahren wie Cybermobbing zu sprechen. Angesichts der vermehrten Sorge auf Seiten der V\u00e4ter ist es deshalb erstaunlich, dass jeder vierte in Deutschland nach eigener Aussage noch nie mit seinem Kind \u00fcber Cybermobbing gesprochen hat, w\u00e4hrend es bei den M\u00fcttern 19 Prozent sind.<\/p>\n<p>\u201eM\u00e4nner zeigen sich beim Thema Cybermobbing unter Kindern und Jugendlichen als der besorgtere Part, wenn es um Cybermobbing geht\u201c, so Anne Mickler, Corporate Communications Manager, DACH bei Kaspersky. \u201eIch denke, die gr\u00f6\u00dfere Sorge der V\u00e4ter, ihr Kind k\u00f6nnte zum Opfer von Cybermobbing oder selbst zum T\u00e4ter werden, ist m\u00f6glicherweise das Ergebnis eines durchschnittlich h\u00f6heren Bewusstseins f\u00fcr den mangelnden Austausch mit dem Nachwuchs \u00fcber dieses so wichtige Thema.\u201c<\/p>\n<h3><strong>Cybermobbing-Checkliste von Kaspersky und Deutschland sicher im Netz e.V. <\/strong><\/h3>\n<p>Der komplette Report \u201eCybermobber oder Gemobbter? Was treibt mein Kind online?\u201c ist unter <a href=\"https:\/\/kas.pr\/49or\" target=\"_blank\" rel=\"noopener\">https:\/\/kas.pr\/49or<\/a> kostenfrei abrufbar.<\/p>\n<p>Auch hat Kaspersky gemeinsam mit Deutschland sicher im Netz (DsiN) eine Checkliste mit praktischen Handlungsempfehlungen und weiteren Informationen f\u00fcr Eltern zum Thema Cybermobbing erstellt, die unter <a href=\"https:\/\/kas.pr\/cybermobbing\" target=\"_blank\" rel=\"noopener\">https:\/\/kas.pr\/cybermobbing<\/a> heruntergeladen werden kann.<\/p>\n<p>Wie die Kinder selbst die Gefahr, Opfer oder T\u00e4ter in puncto Cybermobbing zu werden, einsch\u00e4tzen, kann in folgendem Videomaterial nachvollzogen werden, das Kaspersky anl\u00e4sslich eines am 24. Oktober 2019 durchgef\u00fchrten <a href=\"https:\/\/kas.pr\/ih8v\" target=\"_blank\" rel=\"noopener\">Experiment-Workshops<\/a> erstellt hat.<\/p>\n<p><span class=\"embed-youtube\" style=\"text-align:center; display: block;\"><iframe class=\"youtube-player\" type=\"text\/html\" width=\"640\" height=\"390\" src=\"https:\/\/www.youtube.com\/embed\/bGs5trxaXJw?version=3&amp;rel=1&amp;fs=1&amp;showsearch=0&amp;showinfo=1&amp;iv_load_policy=1&amp;wmode=transparent\" frameborder=\"0\" allowfullscreen=\"true\"><\/iframe><\/span><\/p>\n<p>\u00a0<\/p>\n","protected":false},"excerpt":{"rendered":"<p>Kaspersky-Studie zeigt: 44,8 Prozent der V\u00e4ter haben Angst, das eigene Kind k\u00f6nnte Opfer oder T\u00e4ter von Cybermobbing sein.<\/p>\n","protected":false},"author":19,"featured_media":20493,"comment_status":"closed","ping_status":"open","sticky":false,"template":"","format":"standard","meta":{"_acf_changed":false,"footnotes":""},"categories":[10],"tags":[1069,1680,329,115],"class_list":{"0":"post-20491","1":"post","2":"type-post","3":"status-publish","4":"format-standard","5":"has-post-thumbnail","7":"category-tips","8":"tag-cybermobbing","9":"tag-erziehung","10":"tag-internet","11":"tag-kinder"},"hreflang":[{"hreflang":"de","url":"https:\/\/www.kaspersky.de\/blog\/thema-cybermobbing-werden-selbst-harte-maenner-weich\/20491\/"}],"acf":[],"banners":"","maintag":{"url":"https:\/\/www.kaspersky.de\/blog\/tag\/cybermobbing\/","name":"Cybermobbing"},"_links":{"self":[{"href":"https:\/\/www.kaspersky.de\/blog\/wp-json\/wp\/v2\/posts\/20491","targetHints":{"allow":["GET"]}}],"collection":[{"href":"https:\/\/www.kaspersky.de\/blog\/wp-json\/wp\/v2\/posts"}],"about":[{"href":"https:\/\/www.kaspersky.de\/blog\/wp-json\/wp\/v2\/types\/post"}],"author":[{"embeddable":true,"href":"https:\/\/www.kaspersky.de\/blog\/wp-json\/wp\/v2\/users\/19"}],"replies":[{"embeddable":true,"href":"https:\/\/www.kaspersky.de\/blog\/wp-json\/wp\/v2\/comments?post=20491"}],"version-history":[{"count":4,"href":"https:\/\/www.kaspersky.de\/blog\/wp-json\/wp\/v2\/posts\/20491\/revisions"}],"predecessor-version":[{"id":20724,"href":"https:\/\/www.kaspersky.de\/blog\/wp-json\/wp\/v2\/posts\/20491\/revisions\/20724"}],"wp:featuredmedia":[{"embeddable":true,"href":"https:\/\/www.kaspersky.de\/blog\/wp-json\/wp\/v2\/media\/20493"}],"wp:attachment":[{"href":"https:\/\/www.kaspersky.de\/blog\/wp-json\/wp\/v2\/media?parent=20491"}],"wp:term":[{"taxonomy":"category","embeddable":true,"href":"https:\/\/www.kaspersky.de\/blog\/wp-json\/wp\/v2\/categories?post=20491"},{"taxonomy":"post_tag","embeddable":true,"href":"https:\/\/www.kaspersky.de\/blog\/wp-json\/wp\/v2\/tags?post=20491"}],"curies":[{"name":"wp","href":"https:\/\/api.w.org\/{rel}","templated":true}]}}