{"id":17268,"date":"2018-07-13T13:02:18","date_gmt":"2018-07-13T11:02:18","guid":{"rendered":"https:\/\/www.kaspersky.de\/blog\/?p=17268"},"modified":"2018-09-18T14:47:06","modified_gmt":"2018-09-18T12:47:06","slug":"who-is-in-charge","status":"publish","type":"post","link":"https:\/\/www.kaspersky.de\/blog\/who-is-in-charge\/17268\/","title":{"rendered":"Wer sch\u00fctzt Ihr Unternehmen vor Cyberbedrohungen?"},"content":{"rendered":"<p>Nehmen wir an, Sie wurden bereits von einem Profi dar\u00fcber beraten, was f\u00fcr einen angemessenen Schutz Ihres Unternehmens notwendig ist. Bedeutet das gleichzeitig, dass Ihr Unternehmen von nun an sicher ist? Leider nicht. Ungl\u00fccklicherweise ist das Naturell der Cybersicherheit so konzipiert, dass vor allem ein spezieller Faktor Chaos in jede noch so ausgekl\u00fcgelte Strategie bringen kann: der Faktor Mensch.<a href=\"https:\/\/media.kasperskydaily.com\/wp-content\/uploads\/sites\/92\/2018\/07\/13111620\/who-is-in-charge.jpg\" target=\"_blank\" rel=\"noopener\"><img loading=\"lazy\" decoding=\"async\" class=\"aligncenter size-full wp-image-23075\" src=\"https:\/\/media.kasperskydaily.com\/wp-content\/uploads\/sites\/92\/2018\/07\/13111620\/who-is-in-charge.jpg\" alt=\"\" width=\"1460\" height=\"958\"><\/a><\/p>\n<p>Laut unserer aktuellen Umfrage \u201eSicheres Unternehmenswachstum: Cloud-Adoption versus Sicherheitsbedenken\u201c haben nur 44% der Unternehmen mit 50-250 Mitarbeitern eine dedizierte Sicherheitsabteilung. Bei 2% der Unternehmen gibt es keinerlei Verwaltung im Bereich der\u00a0 IT-Sicherheit, und bei 54% der Unternehmen werden Sicherheitsfunktionen als Teil der gesamten IT-Arbeit verwaltet \u2013 was nicht zwangsl\u00e4ufig bedeutet, dass Spezialisten daf\u00fcr zust\u00e4ndig sind; Denn jedes f\u00fcnfte Unternehmen \u00fcbergibt IT-Aufgaben an nicht spezialisierte Mitarbeiter wie Buchhalter, B\u00fcroadministratoren und Manager.<\/p>\n<blockquote class=\"twitter-pullquote\"><p>Einige Unternehmensinhaber nehmen das Thema Cyberschutz nicht wirklich ernst. Warum es dabei um viel mehr als blo\u00dfe Softwareverwaltung geht, erfahren Sie in diesem Beitrag.<\/p><a href=\"https:\/\/twitter.com\/share?url=https%3A%2F%2Fkas.pr%2Fct74&amp;text=Einige+Unternehmensinhaber+nehmen+das+Thema+Cyberschutz+nicht+wirklich+ernst.+Warum+es+dabei+um+viel+mehr+als+blo%C3%9Fe+Softwareverwaltung+geht%2C+erfahren+Sie+in+diesem+Beitrag.\" class=\"btn btn-twhite\" data-lang=\"en\" data-count=\"0\" target=\"_blank\" rel=\"noopener nofollow\">Tweet<\/a><\/blockquote>\n<p>Ein Teil des Problems besteht darin, dass Unternehmer oftmals davon \u00fcberzeugt sind, dass sie niemanden ben\u00f6tigen, der die Verantwortung f\u00fcr die Cybersicherheit des Unternehmens \u00fcbernimmt. Sie sehen das Thema Cybersicherheit lediglich als die Verwaltung zus\u00e4tzlicher Software; in Wirklichkeit ist Cybersicherheit allerdings deutlich viel mehr als das. Es muss beispielsweise einen Zust\u00e4ndigen geben, der kontinuierlich ein Auge auf die Zugriffsrechte der Mitarbeiter (dazu z\u00e4hlen auch Zeitarbeitskr\u00e4fte, Praktikanten und Subunternehmer) wirft; verd\u00e4chtige Aktivit\u00e4ten im Unternehmensnetzwerk m\u00fcssen erkannt und gef\u00e4hrdete Software gepatcht werden. Dar\u00fcber hinaus muss es einen Verantwortlichen geben, der f\u00fcr die Konformit\u00e4t der internen Unternehmensprozesse mit den zahlreichen Vorschriften und Regelungen sorgt (insbesondere dann, wenn die Firma unter den Geltungsbereich der neuen DSGVO f\u00e4llt). Wenn Sie eine Person ohne das n\u00f6tige Fachwissen f\u00fcr die Cybersicherheit Ihres Unternehmens verantwortlich machen, erh\u00f6ht sich zudem die Wahrscheinlichkeit m\u00f6gliche Fehler zu begehen.<\/p>\n<p>Ein weiteres Problem ist der Mangel an Ressourcen. Viele Unternehmen, insbesondere KMUs, k\u00f6nnen es sich nicht leisten, einen namenhaften Spezialisten zu besch\u00e4ftigen. Theoretisch kann dieses Problem durch die Auslagerung von Sicherheitsfunktionen gel\u00f6st werden \u2013 und es scheint, als bef\u00e4nden sich Unternehmen aus diesem Grund momentan auf dem Weg zur Einf\u00fchrung von Managed-Service-Provider-Modellen (MSP): Laut der oben genannten Umfrage planen mindestens 50% der KMUs, MSPs zuk\u00fcnftig in der einen oder anderen Form im Unternehmen einzusetzen.<\/p>\n<p>M\u00f6chten Sie mehr \u00fcber die Ergebnisse dieser Umfrage erfahren? Laden Sie unseren Bericht \u201e<a href=\"https:\/\/kas.pr\/c48p\" target=\"_blank\" rel=\"noopener\">Sicheres Unternehmenswachstum: Cloud-Adoption versus Sicherheitsbedenken<\/a>\u201c im PDF-Format herunter.<\/p>\n","protected":false},"excerpt":{"rendered":"<p>Einige Unternehmensinhaber nehmen das Thema Cyberschutz nicht wirklich ernst. Warum es dabei um viel mehr als blo\u00dfe Softwareverwaltung geht, erfahren Sie in diesem Beitrag.<\/p>\n","protected":false},"author":700,"featured_media":17269,"comment_status":"closed","ping_status":"open","sticky":false,"template":"","format":"standard","meta":{"_acf_changed":false,"footnotes":""},"categories":[1848,3108],"tags":[565,2368,2566,1653,213],"class_list":{"0":"post-17268","1":"post","2":"type-post","3":"status-publish","4":"format-standard","5":"has-post-thumbnail","7":"category-business","8":"category-smb","9":"tag-cloud","10":"tag-experten","11":"tag-msp","12":"tag-security","13":"tag-umfrage"},"hreflang":[{"hreflang":"de","url":"https:\/\/www.kaspersky.de\/blog\/who-is-in-charge\/17268\/"},{"hreflang":"en-ae","url":"https:\/\/me-en.kaspersky.com\/blog\/who-is-in-charge\/11447\/"},{"hreflang":"ar","url":"https:\/\/me.kaspersky.com\/blog\/who-is-in-charge\/5825\/"},{"hreflang":"es-mx","url":"https:\/\/latam.kaspersky.com\/blog\/who-is-in-charge\/13163\/"},{"hreflang":"es","url":"https:\/\/www.kaspersky.es\/blog\/who-is-in-charge\/16499\/"},{"hreflang":"it","url":"https:\/\/www.kaspersky.it\/blog\/who-is-in-charge\/15960\/"},{"hreflang":"x-default","url":"https:\/\/www.kaspersky.com\/blog\/who-is-in-charge\/23074\/"},{"hreflang":"fr","url":"https:\/\/www.kaspersky.fr\/blog\/who-is-in-charge\/10897\/"},{"hreflang":"pt-br","url":"https:\/\/www.kaspersky.com.br\/blog\/who-is-in-charge\/10684\/"},{"hreflang":"pl","url":"https:\/\/plblog.kaspersky.com\/who-is-in-charge\/9437\/"},{"hreflang":"en-za","url":"https:\/\/www.kaspersky.co.za\/blog\/who-is-in-charge\/20602\/"}],"acf":[],"banners":"","maintag":{"url":"https:\/\/www.kaspersky.de\/blog\/tag\/cloud\/","name":"Cloud"},"_links":{"self":[{"href":"https:\/\/www.kaspersky.de\/blog\/wp-json\/wp\/v2\/posts\/17268","targetHints":{"allow":["GET"]}}],"collection":[{"href":"https:\/\/www.kaspersky.de\/blog\/wp-json\/wp\/v2\/posts"}],"about":[{"href":"https:\/\/www.kaspersky.de\/blog\/wp-json\/wp\/v2\/types\/post"}],"author":[{"embeddable":true,"href":"https:\/\/www.kaspersky.de\/blog\/wp-json\/wp\/v2\/users\/700"}],"replies":[{"embeddable":true,"href":"https:\/\/www.kaspersky.de\/blog\/wp-json\/wp\/v2\/comments?post=17268"}],"version-history":[{"count":5,"href":"https:\/\/www.kaspersky.de\/blog\/wp-json\/wp\/v2\/posts\/17268\/revisions"}],"predecessor-version":[{"id":17277,"href":"https:\/\/www.kaspersky.de\/blog\/wp-json\/wp\/v2\/posts\/17268\/revisions\/17277"}],"wp:featuredmedia":[{"embeddable":true,"href":"https:\/\/www.kaspersky.de\/blog\/wp-json\/wp\/v2\/media\/17269"}],"wp:attachment":[{"href":"https:\/\/www.kaspersky.de\/blog\/wp-json\/wp\/v2\/media?parent=17268"}],"wp:term":[{"taxonomy":"category","embeddable":true,"href":"https:\/\/www.kaspersky.de\/blog\/wp-json\/wp\/v2\/categories?post=17268"},{"taxonomy":"post_tag","embeddable":true,"href":"https:\/\/www.kaspersky.de\/blog\/wp-json\/wp\/v2\/tags?post=17268"}],"curies":[{"name":"wp","href":"https:\/\/api.w.org\/{rel}","templated":true}]}}