{"id":14891,"date":"2017-10-06T12:25:16","date_gmt":"2017-10-06T10:25:16","guid":{"rendered":"https:\/\/www.kaspersky.de\/blog\/?p=14891"},"modified":"2017-10-24T10:56:07","modified_gmt":"2017-10-24T08:56:07","slug":"future-cars-iaa2017","status":"publish","type":"post","link":"https:\/\/www.kaspersky.de\/blog\/future-cars-iaa2017\/14891\/","title":{"rendered":"Autos der Zukunft: Ein Bericht zur Automobil-Ausstellung in Frankfurt"},"content":{"rendered":"<p><img loading=\"lazy\" decoding=\"async\" class=\"aligncenter size-large wp-image-19643\" src=\"https:\/\/media.kasperskydaily.com\/wp-content\/uploads\/sites\/92\/2017\/10\/04064811\/IAA2017-featured1-1024x672.jpg\" alt=\"\" width=\"1024\" height=\"672\"><\/p>\n<p class=\"BodyA\"><span lang=\"EN-US\">Wenn Sie gerne herausfinden w\u00fcrden, wie unsere Autos in der Zukunft aussehen werden, ist die Internationale Automobil-Ausstellung ohne Zweifel einer der besten Orte daf\u00fcr. Die IIA ist eine der gr\u00f6\u00dften Automobil-Ausstellungen der Welt und prim\u00e4r f\u00fcr die Deutsche Automobilindustrie. <\/span><\/p>\n<h2 class=\"BodyA\"><span lang=\"EN-US\">Der Aspark Owl \u2013 das schnellste Auto der Welt?<\/span><\/h2>\n<p class=\"BodyA\"><span lang=\"EN-US\">Wenn Sie noch nie \u00fcber den Aspark Owl geh\u00f6rt haben, sollten Sie sich dar\u00fcber nicht wundern. Denn bis zur Frankfurter Mobilausstellung wusste niemand \u00fcber die Existenz des Superautos Bescheid.<\/span><\/p>\n<div id=\"attachment_19640\" class=\"wp-caption aligncenter\" style=\"width: 1034px\">\n<p><a href=\"https:\/\/media.kasperskydaily.com\/wp-content\/uploads\/sites\/92\/2017\/10\/04064809\/aspark-owl-1.jpg\"><img loading=\"lazy\" decoding=\"async\" class=\"size-large wp-image-19640\" src=\"https:\/\/media.kasperskydaily.com\/wp-content\/uploads\/sites\/92\/2017\/10\/04064809\/aspark-owl-1-1024x526.jpg\" alt=\"\" width=\"1024\" height=\"526\"><\/a><\/p>\n<p>Aspark Owl: Von 0 auf 100 km\/h in nur zwei Sekunden<\/p>\n<\/div>\n<p class=\"BodyA\"><span lang=\"EN-US\">Den Behauptungen der Entwickler zufolge, ist dieses komplett elektrische Superauto (genutzt wird eine Kombination aus Batterie und Kondensatoren) das schnellste Auto der Welt und beschleunigt von 0 auf 100 km\/h in genau zwei Sekunden. Somit \u00fcbertrifft es die bis dato Rekordhalter wie das Ultima Evolution Coupe, den Dodge Challenger SRT Demon und das Tesla Modell S P1000D um mehrere Zehntelsekunden.<\/span><\/p>\n<p><a href=\"https:\/\/media.kasperskydaily.com\/wp-content\/uploads\/sites\/92\/2017\/10\/04064816\/aspark-owl-2.jpg\"><img loading=\"lazy\" decoding=\"async\" class=\"aligncenter size-large wp-image-19645\" src=\"https:\/\/media.kasperskydaily.com\/wp-content\/uploads\/sites\/92\/2017\/10\/04064816\/aspark-owl-2-1024x575.jpg\" alt=\"\" width=\"1024\" height=\"575\"><\/a><\/p>\n<p class=\"BodyA\"><span lang=\"EN-US\">Die Karosserie des Aspark Owl ist komplett aus Kohlefasern hergestellt und wiegt gerade einmal 50 Kilo. Das Gesamtgewicht des Autos betr\u00e4gt 850 Kilogramm, die H\u00e4lfte des Lamborghini Aventador.<\/span><\/p>\n<div id=\"attachment_19633\" class=\"wp-caption aligncenter\" style=\"width: 1034px\">\n<p><a href=\"https:\/\/media.kasperskydaily.com\/wp-content\/uploads\/sites\/92\/2017\/10\/04064809\/aspark-owl-3.jpg\"><img loading=\"lazy\" decoding=\"async\" class=\"size-large wp-image-19633\" src=\"https:\/\/media.kasperskydaily.com\/wp-content\/uploads\/sites\/92\/2017\/10\/04064809\/aspark-owl-3-1024x631.jpg\" alt=\"\" width=\"1024\" height=\"631\"><\/a><\/p>\n<p>Der Aspark Owl ist nur 99 cm hoch<\/p>\n<\/div>\n<p class=\"BodyA\"><span lang=\"EN-US\">Die H\u00f6chstgeschwindigkeit von 280 km\/h ist f\u00fcr ein solches Superauto zwar relativ gering, aber f\u00fcr ein elektrisches Auto fast unschlagbar; die H\u00f6chstgeschwindigkeit des Teslas liegt bei 250 km\/h. Mit gerade einmal 150 Kilometern ist die Reichweite des Aspark Owl allerdings nicht besonders hoch. Am Messestand des Aspark in Frankfurt konnte das Modell bereits vorbestellt werden, obwohl die Kosten und der Zeitpunkt der Markteinf\u00fchrung bislang noch nicht bekannt sind.<\/span><\/p>\n<h3 class=\"BodyA\"><span lang=\"EN-US\">Audio A8: Hochautomatisiertes Fahren auf Level 3<\/span><\/h3>\n<p class=\"BodyA\"><span lang=\"EN-US\">Auf der IAA 2017 pr\u00e4sentierte Audi seine neue Flagschifflimousine, den Audi A8. Unter anderem verf\u00fcgt die Limousine \u00fcber fortgeschrittene autonome Features. Es ist das erste serienm\u00e4\u00dfig hergestellte Auto der Welt, das abgesehen von traditionellen Kameras und Sonarm<\/span><span lang=\"EN-US\">esstechnik, auch die <a href=\"https:\/\/de.wikipedia.org\/wiki\/Lidar\" target=\"_blank\" rel=\"noopener nofollow\">Lidar<\/a>-Methode nutzt. Zudem gibt Audi an, dass der A8 das erste serienm\u00e4\u00dfig hergestellte Level 3 Auto entsprechend der Klassifikation von <a href=\"https:\/\/www.sae.org\/misc\/pdfs\/automated_driving.pdf\" target=\"_blank\" rel=\"noopener nofollow\">SAE (Verband der Automobilingenieure)<\/a> ist.<\/span><\/p>\n<div id=\"attachment_19644\" class=\"wp-caption aligncenter\" style=\"width: 1034px\">\n<p><a href=\"https:\/\/media.kasperskydaily.com\/wp-content\/uploads\/sites\/92\/2017\/10\/04064817\/audi-a8-1.jpg\"><img loading=\"lazy\" decoding=\"async\" class=\"size-large wp-image-19644\" src=\"https:\/\/media.kasperskydaily.com\/wp-content\/uploads\/sites\/92\/2017\/10\/04064817\/audi-a8-1-1024x631.jpg\" alt=\"\" width=\"1024\" height=\"631\"><\/a><\/p>\n<p class=\"BodyA\"><span lang=\"EN-US\">Der neue Audio A8 ist mit der modernsten autonomen Technologie auf dem Markt ausgestattet<\/span><\/p>\n<\/div>\n<p class=\"BodyA\"><span lang=\"EN-US\">Das bedeutet, dass der Fahrer unter bestimmten Bedingungen \u2013 in diesem Fall, w\u00e4hrend der Fahrt bei Geschwindigkeiten von bis zu 60 km\/h \u2013 die Kontrolle \u00fcber das Auto abgeben kann und all das tun kann, was am Steuer normalerweise streng verboten ist: Filme \u00fcber den Bordmonitor schauen, Nachrichten schreiben, usw. Bis zu diesem Zeitpunkt waren Teslas Modelle f\u00fcr die beste autonome Technologie bekannt. Diese sind allerdings nur als Level 2 klassifiziert. Das bedeutet, dass der Fahrer immer auf die Stra\u00dfe schauen und dazu bereit sein muss, die Kontrolle des Fahrzeuges in jedem Moment zu \u00fcbernehmen.<\/span><\/p>\n<div id=\"attachment_19646\" class=\"wp-caption aligncenter\" style=\"width: 1034px\">\n<p><a href=\"https:\/\/media.kasperskydaily.com\/wp-content\/uploads\/sites\/92\/2017\/10\/04064817\/audi-a8-2.jpg\"><img loading=\"lazy\" decoding=\"async\" class=\"size-large wp-image-19646\" src=\"https:\/\/media.kasperskydaily.com\/wp-content\/uploads\/sites\/92\/2017\/10\/04064817\/audi-a8-2-1024x701.jpg\" alt=\"\" width=\"1024\" height=\"701\"><\/a><\/p>\n<p>Audi A8: Der Autopilot befindet sich direkt vor der Schaltung<\/p>\n<\/div>\n<p class=\"BodyA\"><span lang=\"EN-US\">Die moderne autonome Technologie\u00a0<a href=\"http:\/\/www.nvidia.de\/page\/home.html\" target=\"_blank\" rel=\"noopener nofollow\">wird von Nvidia unterst\u00fctzt<\/a>. Der Audi A8 nutzt insgesamt 6 Nvidia Prozessoren, die f\u00fcr das Armaturenbrett, das Entertainmentsystem, die Navigation, usw. verantwortlich sind.<\/span><\/p>\n<h2 class=\"BodyA\"><span lang=\"EN-US\">Qualcomm Halo: Kabelloses Laden<\/span><\/h2>\n<p class=\"BodyA\"><span lang=\"EN-US\">Um ehrlich zu sein, ist die Qualcomm-Halo-Technologie f\u00fcr kabelloses Laden nichts Neues. Das Unternehmen hofft allerdings darauf, dass diese L\u00f6sung n\u00e4chstes Jahr Prototypen und Entw\u00fcrfe hinter sich l\u00e4sst und in serienm\u00e4\u00dfig hergestellten Autos integriert wird. 2 der gr\u00f6\u00dften Deutschen Autokonzerne wollen ihre Autos 2018 mit der Technologie ausstatten: BMW plant die Technologie des kabellosen Ladens in seine Hybrid 530e-Modelle zu integrieren; Daimler verspricht dasselbe f\u00fcr den Mercedes-Benz\u00a0S560e\u00a0Plug-In\u00a0Hybrid.<\/span><\/p>\n<p><a href=\"https:\/\/media.kasperskydaily.com\/wp-content\/uploads\/sites\/92\/2017\/10\/04064811\/qualcomm-halo-1.jpg\"><img loading=\"lazy\" decoding=\"async\" class=\"aligncenter size-large wp-image-19637\" src=\"https:\/\/media.kasperskydaily.com\/wp-content\/uploads\/sites\/92\/2017\/10\/04064811\/qualcomm-halo-1-1024x715.jpg\" alt=\"\" width=\"1024\" height=\"715\"><\/a><\/p>\n<p class=\"BodyA\"><span lang=\"EN-US\">Abgesehen davon arbeitet Qualcomm bereits an kabellosen Ladeger\u00e4ten der n\u00e4chsten Generation, die es den Autos erlauben soll, die Batterie w\u00e4hrend der Fahrt zu laden \u2013 und das bei H\u00f6chstgeschwindigkeiten.<\/span><\/p>\n<p><a href=\"https:\/\/media.kasperskydaily.com\/wp-content\/uploads\/sites\/92\/2017\/10\/04064810\/qualcomm-halo-2.jpg\"><img loading=\"lazy\" decoding=\"async\" class=\"aligncenter size-large wp-image-19635\" src=\"https:\/\/media.kasperskydaily.com\/wp-content\/uploads\/sites\/92\/2017\/10\/04064810\/qualcomm-halo-2-1024x877.jpg\" alt=\"\" width=\"1024\" height=\"877\"><\/a><\/p>\n<p class=\"BodyA\"><span lang=\"EN-US\">Diese Technologie wurde bereits als Teil des FABRIC-Projekts getestet, das von der Europ\u00e4ischen Kommission gesponsort wurde. Dieses Projekt erforscht die M\u00f6glichkeiten Autobahnen mit integrierten Ladestationen zu konstruieren, um die Batterie w\u00e4hrend der Fahrt aufzuladen \u2013 eine M\u00f6glichkeit, um das Problem der limitierten Batteriekapazit\u00e4t zu l\u00f6sen.<\/span><\/p>\n<p><a href=\"https:\/\/media.kasperskydaily.com\/wp-content\/uploads\/sites\/92\/2017\/10\/04064810\/qualcomm-halo-3.jpg\"><img loading=\"lazy\" decoding=\"async\" class=\"aligncenter size-large wp-image-19639\" src=\"https:\/\/media.kasperskydaily.com\/wp-content\/uploads\/sites\/92\/2017\/10\/04064810\/qualcomm-halo-3-1024x351.jpg\" alt=\"\" width=\"1024\" height=\"351\"><\/a><\/p>\n<h3 class=\"BodyA\"><span lang=\"EN-US\">Selbst parkend: Zusammenarbeit zwischen Valeo und Cisco<\/span><\/h3>\n<p class=\"BodyA\"><span lang=\"EN-US\">Offensichtlich wird es noch einige Zeit dauern, bis wir an dem Punkt angelangen, an dem voll automatisierte Autos existieren, die keinerlei Input des Fahrers ben\u00f6tigen. Die k\u00fcnstliche Intelligenz <a href=\"https:\/\/www.kaspersky.de\/blog\/ai-fails\/14540\/\" target=\"_blank\" rel=\"noopener\">macht derzeit noch zu viele Fehler<\/a> und bislang existiert noch keine Stra\u00dfeninfrastruktur, die versichern kann, dass die Erkennungsalgorithmen reibungslos funktionieren. Abgesehen davon, ist noch immer nicht ganz klar, wie <a href=\"https:\/\/www.kaspersky.de\/blog\/driverless-car-dangers\/8587\/\" target=\"_blank\" rel=\"noopener\">ethische Dilemmas<\/a> (<a href=\"https:\/\/de.wikipedia.org\/wiki\/Trolley-Problem\" target=\"_blank\" rel=\"noopener nofollow\">das Trolley-Problem<\/a>) und rechtliche Aspekte gehandelt werden k\u00f6nnen. Extreme Wetterbedingungen in einigen Regionen komplizieren die Angelegenheit zudem noch weiter; im Winter k\u00f6nnen Fahrbahn, Fahrbahnmarkierungen und Verkehrsschilder schwer zu erkennen sein. Die L\u00f6sung derartiger Probleme wird seine Zeit in Anspruch nehmen.<\/span><\/p>\n<blockquote class=\"twitter-pullquote\"><p>#IAA: Autos der Zukunft: Ein Bericht zur Automobil-Ausstellung in Frankfurt<\/p><a href=\"https:\/\/twitter.com\/share?url=https%3A%2F%2Fkas.pr%2Fn2D1&amp;text=%23IAA%3A+Autos+der+Zukunft%3A+Ein+Bericht+zur+Automobil-Ausstellung+in+Frankfurt+\" class=\"btn btn-twhite\" data-lang=\"en\" data-count=\"0\" target=\"_blank\" rel=\"noopener nofollow\">Tweet<\/a><\/blockquote>\n<p class=\"BodyA\"><span lang=\"EN-US\">Trotzdem kann der Autopilot bereits sehr hilfreich beim Einparken sein. Die Rede ist haupts\u00e4chlich von mehrst\u00f6ckigen Parkgaragen, in denen nach freien Parkl\u00fccken gesucht werden muss und somit eine Menge Zeit verschwendet wird.<\/span><\/p>\n<p class=\"BodyA\"><span lang=\"EN-US\">Die Geschwindigkeiten sind hier sehr gering und es sind vergleichbar wenig Fu\u00dfg\u00e4nger unterwegs \u2013 somit sind alle Bedingungen, um selbst einen nicht ganz perfekten Autopiloten zu nutzen, gegeben. Die F\u00e4higkeit des Computers schnell eine Route zu erstellen wird hilfreich sein, um eine Verbindung zum Kontrollcenter und freien Parkpl\u00e4tzen zu schaffen.<\/span><\/p>\n<p class=\"BodyA\"><span lang=\"EN-US\">Auf smarte Parkgaragen, die einem erlauben, das Auto am Eingang stehen zu lassen m\u00fcssen wir wahrscheinlich nicht mehr lange warten \u2013 die Zusammenarbeit zwischen Cisco und dem Automobilzulieferer Valeo lassen uns diesbez\u00fcglich hoffen. Als Teil dieser Partnerschaft, entwickelt Valeo die Autopiloten, w\u00e4hrend Cisco die Infrastruktur, die in einer smarten Parkgarage installiert werden muss bereitstellt \u2013 Kommunikation, Video\u00fcberwachungssysteme, Kontrollr\u00e4ume, und so weiter.<\/span><\/p>\n<p><span class=\"embed-youtube\" style=\"text-align:center; display: block;\"><iframe class=\"youtube-player\" type=\"text\/html\" width=\"640\" height=\"390\" src=\"https:\/\/www.youtube.com\/embed\/VKWvqpHRUdU?version=3&amp;rel=1&amp;fs=1&amp;showsearch=0&amp;showinfo=1&amp;iv_load_policy=1&amp;wmode=transparent\" frameborder=\"0\" allowfullscreen=\"true\"><\/iframe><\/span><\/p>\n<h2 class=\"BodyA\"><span lang=\"EN-US\">SEAT und BMW setzen auf Amazon\u2019s Alexa<\/span><\/h2>\n<p>Idealerweise sollten die Augen des Fahrers immer auf die Stra\u00dfe gerichtet sein. Ein Auto ist somit das einzige Gadget, bei dem eine Sprachschnittstelle nicht nur ein erfreulicher Bonus sein kann \u2013 zum Beispiel, um einen Anruf zu t\u00e4tigen oder den Radiosender zu wechseln \u2013 sondern auch eine sehr brauchbare und wesentliche Funktion. Trotzdem ist es nur wenigen Herstellern gelungen, eine <em>gut funktionierende<\/em> Sprachschnittstelle zu entwickeln. Bis heute sind nur 4 Unternehmen erfolgreich gewesen: Amazon, Apple, Google und Microsoft. Die ideale L\u00f6sung w\u00e4re es sich mit einem dieser Unternehmen zusammen zu tun.<\/p>\n<p class=\"BodyA\"><span lang=\"EN-US\">Und genau das hat die Volkswagen AG getan. Gemeinsam mit Amazon hat der deutsche Riese sich dazu entschieden, mit seiner jugendorientierten Marke SEAT zu beginnen. <\/span><\/p>\n<p><a href=\"https:\/\/media.kasperskydaily.com\/wp-content\/uploads\/sites\/92\/2017\/10\/04064810\/seat-amazon-alexa.jpg\"><img loading=\"lazy\" decoding=\"async\" class=\"aligncenter size-large wp-image-19638\" src=\"https:\/\/media.kasperskydaily.com\/wp-content\/uploads\/sites\/92\/2017\/10\/04064810\/seat-amazon-alexa-1024x631.jpg\" alt=\"\" width=\"1024\" height=\"631\"><\/a><\/p>\n<p class=\"BodyA\"><span lang=\"EN-US\">Amazons Alexa wird noch vor Ende des Jahres in den Modellen Leon und Ateca auftauchen. Sp\u00e4ter wird die Funktion auch in den Ibiza Flie\u00dfheck und den kompakten Crossover Arona, der sein Deb\u00fct auf der IAA 2017 feierte, integriert. <\/span><\/p>\n<p class=\"BodyA\"><span lang=\"EN-US\">BMW hat ebenfalls Absichten ge\u00e4u\u00dfert, Alexa in all seinen Autos zu integrieren \u2013 die Bayern versprechen, dass Amazons Sprachassistent von Alexa Mitte 2018 vollumf\u00e4nglich und nahtlos in alle BMW und MINI Modelle <a href=\"https:\/\/www.press.bmwgroup.com\/deutschland\/article\/detail\/T0274792DE\/digitaler-lifestyle-bei-der-bmw-group:-nahtlose-fahrzeug-integration-von-amazon-alexa-in-bmw-und-mini\" target=\"_blank\" rel=\"noopener nofollow\">integriert wird<\/a>.<\/span><\/p>\n<p><span class=\"embed-youtube\" style=\"text-align:center; display: block;\"><iframe class=\"youtube-player\" type=\"text\/html\" width=\"640\" height=\"390\" src=\"https:\/\/www.youtube.com\/embed\/cW4gSRpauwY?version=3&amp;rel=1&amp;fs=1&amp;showsearch=0&amp;showinfo=1&amp;iv_load_policy=1&amp;wmode=transparent\" frameborder=\"0\" allowfullscreen=\"true\"><\/iframe><\/span><\/p>\n<p class=\"BodyA\"><span lang=\"EN-US\">Der Sprachassistent wird zun\u00e4chst nur in den Sprachen Englisch und Deutsch verf\u00fcgbar sein.<\/span><\/p>\n<h3 class=\"BodyA\"><span lang=\"EN-US\">Integrierte Netzwerke in den Autos der Zukunft<\/span><\/h3>\n<p class=\"BodyA\"><span lang=\"EN-US\">Ein im Fahrzeug integriertes Netzwerk ist eine sehr komplexe und verworrene Sache. F\u00fcr den Nutzer ist das Ganze eher unklar, da das Netzwerk selbst und die Mehrzahl der elektronischen Komponenten, die mit ihm verbunden sind, so weit es geht vor dem menschlichen Auge versteckt werden. Am Messestand von EDAG konnten Besucher sehen, wie ein solches Netzwerk von innen aussieht:<\/span><\/p>\n<div id=\"attachment_19636\" class=\"wp-caption aligncenter\" style=\"width: 1034px\">\n<p><a href=\"https:\/\/media.kasperskydaily.com\/wp-content\/uploads\/sites\/92\/2017\/10\/04064811\/edag-can-1.jpg\"><img loading=\"lazy\" decoding=\"async\" class=\"size-large wp-image-19636\" src=\"https:\/\/media.kasperskydaily.com\/wp-content\/uploads\/sites\/92\/2017\/10\/04064811\/edag-can-1-1024x449.jpg\" alt=\"\" width=\"1024\" height=\"449\"><\/a><\/p>\n<p>So sieht ein im Fahrzeug integriertes Netzwerk heute aus<\/p>\n<\/div>\n<p class=\"BodyA\"><span lang=\"EN-US\">Zu diesem Zeitpunkt kann das Gewicht der gesamten Verkabelung eines Autos bei bis zu 50 kg liegen! Und diese Ziffer k\u00f6nnte sogar noch steigen. Denn die zunehmende Elektronik der Autos verlangt gleichzeitig immer mehr Verbindungen. Es ist bereits an der Zeit, dar\u00fcber nachzudenken wie man die Verkabelung reduzieren und das Bordnetz \u201eentr\u00fcmpeln\u201c kann.<\/span><\/p>\n<p class=\"BodyA\"><span lang=\"EN-US\">EDAG schl\u00e4gt einen neuen Ansatz vor: das Auto in verschiedene Bereiche aufzuteilen; jeder Bereich hat seinen eigenen elektronischen Controller und das Equipment der Zone wird mit dem Controller verbunden. Die Bereiche sind mit einem schnellen und leichten Ethernet verbunden, das speziell f\u00fcr den Einsatz im Auto geeignet ist. Die Komponenten verbinden die Controller der Bereiche durch einen <a href=\"https:\/\/de.wikipedia.org\/wiki\/Local_Interconnect_Network\" target=\"_blank\" rel=\"noopener nofollow\">LIN<\/a>-Bus, der als g\u00fcnstige (allerdings nicht sehr schnelle) Alternative zum CAN-Bus entworfen wurde (und bereits genutzt wird).<\/span><\/p>\n<div id=\"attachment_19634\" class=\"wp-caption aligncenter\" style=\"width: 1034px\">\n<p><a href=\"https:\/\/media.kasperskydaily.com\/wp-content\/uploads\/sites\/92\/2017\/10\/04064811\/edag-can-2.jpg\"><img loading=\"lazy\" decoding=\"async\" class=\"size-large wp-image-19634\" src=\"https:\/\/media.kasperskydaily.com\/wp-content\/uploads\/sites\/92\/2017\/10\/04064811\/edag-can-2-1024x547.jpg\" alt=\"\" width=\"1024\" height=\"547\"><\/a><\/p>\n<p>EDAG zufolge wird so das Bordnetz der Autos der Zukunft aussehen<\/p>\n<\/div>\n<p class=\"BodyA\"><span lang=\"EN-US\">In einer etwas weiter entfernten Zukunft werden die Bordnetze weniger \u00fcberladen und deutlich zentralisierter sein. Zwei zentrale Bordnetzcomputer, von denen jeder mit den rechts- oder linksseitigen Bereichscontrollern verbunden sein wird, werden das System kontrollieren. Diese Hubs werden durch einen Gigabit-Kanal verbunden.<\/span><\/p>\n<h2 class=\"BodyA\"><span lang=\"EN-US\">Autos vor Cyberbedrohungen sch\u00fctzen<\/span><\/h2>\n<p class=\"BodyA\"><span lang=\"EN-US\">Ein modernes Auto umfasst mehr als einhundert elektronische Ger\u00e4te, die durch ein Netzwerk verbunden sind. Im Wesentlichen handelt es sich um ein Netzwerk \u201eauf R\u00e4dern\u201c. Heutzutage sind viele Autos bereits mit dem Internet verbunden. In der Zukunft wird es wahrscheinlich keine Autos geben, die <em>nicht<\/em> mit dem Internet verbunden sein werden; abgesehen von den billigen Modellen.<\/span><\/p>\n<div id=\"attachment_19632\" class=\"wp-caption aligncenter\" style=\"width: 1034px\">\n<p><a href=\"https:\/\/media.kasperskydaily.com\/wp-content\/uploads\/sites\/92\/2017\/10\/04064811\/IAA2017-connected.jpg\"><img loading=\"lazy\" decoding=\"async\" class=\"size-large wp-image-19632\" src=\"https:\/\/media.kasperskydaily.com\/wp-content\/uploads\/sites\/92\/2017\/10\/04064811\/IAA2017-connected-1024x701.jpg\" alt=\"\" width=\"1024\" height=\"701\"><\/a><\/p>\n<p>Die Begriffe \u201everbunden\u201c und \u201eVerbindung\u201c konnte man auf der IAA wahrscheinlich am h\u00e4ufigsten h\u00f6ren. Das war bei dem Wort \u201eSicherheit\u201c leider nicht der Fall: zu wenige Unternehmen der Automobilindustrie sprechen das Thema Cybersicherheit an<\/p>\n<\/div>\n<p class=\"BodyA\"><span lang=\"EN-US\">Wie unterscheidet sich das Bordnetz eines Autos von dem eines B\u00fcros? Zun\u00e4chst gibt es keine IT-Abteilung, die das Netzwerk \u00fcberwachen kann. Und nat\u00fcrlich gibt es keine gebr\u00e4uchlichen IT-Sicherheitsl\u00f6sungen f\u00fcr Autos, wie es Firewalls und Sicherheitssoftware f\u00fcr Endpunktger\u00e4te gibt.<\/span><\/p>\n<p class=\"BodyA\"><span lang=\"EN-US\">Das Hacken von Autos ist schon seit Langem nicht nur reine Theorie: <a href=\"https:\/\/www.kaspersky.de\/blog\/das-hacken-moderner-autos\/1539\/\" target=\"_blank\" rel=\"noopener\">wir haben<\/a>\u00a0<a href=\"https:\/\/www.kaspersky.de\/blog\/mobiles-auto-hacking-auf-der-black-hat\/3729\/\" target=\"_blank\" rel=\"noopener\">viele Beispiele gesehen<\/a>, <a href=\"https:\/\/www.kaspersky.de\/blog\/blackhat-jeep-cherokee-hack-explained\/5940\/\" target=\"_blank\" rel=\"noopener\">bei denen Hacker<\/a> <a href=\"https:\/\/www.kaspersky.de\/blog\/jeep-hacked-again\/8436\/\" target=\"_blank\" rel=\"noopener\">Autos<\/a> <a href=\"https:\/\/www.kaspersky.de\/blog\/rsa-connected-cars\/9792\/\" target=\"_blank\" rel=\"noopener\">gehackt haben<\/a>, <a href=\"https:\/\/www.kaspersky.de\/blog\/hacking-tesla\/14305\/\" target=\"_blank\" rel=\"noopener\">indem Sie<\/a> <a href=\"https:\/\/www.kaspersky.de\/blog\/connected-car-apps-revisited\/14618\/\" target=\"_blank\" rel=\"noopener\">deren Internetverbindung genutzt haben<\/a>. Wenn bestimmte Modelle Hackern bis jetzt noch nicht zum Opfer gefallen sind, liegt das wahrscheinlich eher daran, dass Hacker die Herausforderung bis jetzt noch nicht angenommen haben.<\/span><\/p>\n<p>Das Problem ist, das Cybersicherheit nicht von Anfang an in die Infrastruktur eines Autos integriert wird. Automobilhersteller haben bis jetzt noch nicht genug Erfahrung, um alle m\u00f6glichen Cyberbedrohungen zu ber\u00fccksichtigen und im Planungsprozess \u00a0alle Verfahren einzubeziehen, die n\u00f6tig sind, um Cybervorf\u00e4lle zu verhindern. Die Sicherheit individueller Komponenten wurde zwar getestet, aber nicht das Bordnetz als Gesamtes.<\/p>\n<div id=\"attachment_19641\" class=\"wp-caption aligncenter\" style=\"width: 1034px\">\n<p><a href=\"https:\/\/media.kasperskydaily.com\/wp-content\/uploads\/sites\/92\/2017\/10\/04064809\/kaspersky-avl-scu.jpg\"><img loading=\"lazy\" decoding=\"async\" class=\"size-large wp-image-19641\" src=\"https:\/\/media.kasperskydaily.com\/wp-content\/uploads\/sites\/92\/2017\/10\/04064809\/kaspersky-avl-scu-1024x596.jpg\" alt=\"\" width=\"1024\" height=\"596\"><\/a><\/p>\n<p>Die Secure Communication Unit \u2013 Kaspersky Lab und AVL tun sich zusammen<\/p>\n<\/div>\n<p class=\"BodyA\"><span lang=\"EN-US\">Es ist offensichtlich, dass im Bereich der Sicherheit einiges ver\u00e4ndert werden muss und wir sind dazu bereit unsere Hilfe anzubieten und unsere umfangreiche Erfahrung im Bereich der IT-Sicherheit zu teilen. <a href=\"https:\/\/www.kaspersky.de\/blog\/connected-cars-secure-by-design\/13203\/\" target=\"_blank\" rel=\"noopener\">Kaspersky Lab arbeitet mit AVL zusammen;<\/a>\u00a0die Kollegen spezialisieren sich auf das Equipment der Automobilindustrie. Gemeinsam haben die beiden Unternehmen die Secure Communication Unit gegr\u00fcndet. Das Ger\u00e4t nutzt unser sicheres Betriebssystem KasperskyOS und erleichtert die Sicherheit jeglicher Kommunikationen zum und vom vernetzten Fahrzeug.<\/span><\/p>\n<p class=\"BodyA\"><span lang=\"EN-US\">Wir <a href=\"https:\/\/os.kaspersky.com\/\" target=\"_blank\" rel=\"noopener nofollow\">streben die Partnerschaft mit<\/a> allen interessierten Unternehmen an \u2013 es ist n\u00e4mlich an der Zeit, dass die Sicherheit vernetzter Autos ernst genommen wird.<\/span><\/p>\n","protected":false},"excerpt":{"rendered":"<p>Die gr\u00f6\u00dfte Autoausstellung der Welt ist der beste Ort, um herauszufinden, wie unsere Autos der Zukunft aussehen werden.<\/p>\n","protected":false},"author":421,"featured_media":14892,"comment_status":"closed","ping_status":"open","sticky":false,"template":"","format":"standard","meta":{"_acf_changed":false,"footnotes":""},"categories":[2711,8],"tags":[1025,2538,2719,2715,2716,2539,2718,2720,2717,1251],"class_list":{"0":"post-14891","1":"post","2":"type-post","3":"status-publish","4":"format-standard","5":"has-post-thumbnail","7":"category-threats","8":"category-products","9":"tag-autos","10":"tag-avl","11":"tag-frankfurt-automobil-ausstellung","12":"tag-iaa","13":"tag-iaa-2017","14":"tag-kaspersky-os","15":"tag-kasperskyos","16":"tag-klautomotiv","17":"tag-smart-cars","18":"tag-vernetzte-autos"},"hreflang":[{"hreflang":"de","url":"https:\/\/www.kaspersky.de\/blog\/future-cars-iaa2017\/14891\/"},{"hreflang":"en-in","url":"https:\/\/www.kaspersky.co.in\/blog\/future-cars-iaa2017\/11494\/"},{"hreflang":"en-ae","url":"https:\/\/me-en.kaspersky.com\/blog\/future-cars-iaa2017\/9640\/"},{"hreflang":"en-us","url":"https:\/\/usa.kaspersky.com\/blog\/future-cars-iaa2017\/12934\/"},{"hreflang":"en-gb","url":"https:\/\/www.kaspersky.co.uk\/blog\/future-cars-iaa2017\/11837\/"},{"hreflang":"es-mx","url":"https:\/\/latam.kaspersky.com\/blog\/future-cars-iaa2017\/11360\/"},{"hreflang":"es","url":"https:\/\/www.kaspersky.es\/blog\/future-cars-iaa2017\/14542\/"},{"hreflang":"it","url":"https:\/\/www.kaspersky.it\/blog\/future-cars-iaa2017\/14295\/"},{"hreflang":"ru","url":"https:\/\/www.kaspersky.ru\/blog\/future-cars-iaa2017\/18919\/"},{"hreflang":"tr","url":"https:\/\/www.kaspersky.com.tr\/blog\/future-cars-iaa2017\/4228\/"},{"hreflang":"x-default","url":"https:\/\/www.kaspersky.com\/blog\/future-cars-iaa2017\/19630\/"},{"hreflang":"pt-br","url":"https:\/\/www.kaspersky.com.br\/blog\/future-cars-iaa2017\/9834\/"},{"hreflang":"pl","url":"https:\/\/plblog.kaspersky.com\/future-cars-iaa2017\/8269\/"},{"hreflang":"ja","url":"https:\/\/blog.kaspersky.co.jp\/future-cars-iaa2017\/18384\/"},{"hreflang":"en-au","url":"https:\/\/www.kaspersky.com.au\/blog\/future-cars-iaa2017\/18856\/"},{"hreflang":"en-za","url":"https:\/\/www.kaspersky.co.za\/blog\/future-cars-iaa2017\/18848\/"}],"acf":[],"banners":"","maintag":{"url":"https:\/\/www.kaspersky.de\/blog\/tag\/autos\/","name":"autos"},"_links":{"self":[{"href":"https:\/\/www.kaspersky.de\/blog\/wp-json\/wp\/v2\/posts\/14891","targetHints":{"allow":["GET"]}}],"collection":[{"href":"https:\/\/www.kaspersky.de\/blog\/wp-json\/wp\/v2\/posts"}],"about":[{"href":"https:\/\/www.kaspersky.de\/blog\/wp-json\/wp\/v2\/types\/post"}],"author":[{"embeddable":true,"href":"https:\/\/www.kaspersky.de\/blog\/wp-json\/wp\/v2\/users\/421"}],"replies":[{"embeddable":true,"href":"https:\/\/www.kaspersky.de\/blog\/wp-json\/wp\/v2\/comments?post=14891"}],"version-history":[{"count":6,"href":"https:\/\/www.kaspersky.de\/blog\/wp-json\/wp\/v2\/posts\/14891\/revisions"}],"predecessor-version":[{"id":14927,"href":"https:\/\/www.kaspersky.de\/blog\/wp-json\/wp\/v2\/posts\/14891\/revisions\/14927"}],"wp:featuredmedia":[{"embeddable":true,"href":"https:\/\/www.kaspersky.de\/blog\/wp-json\/wp\/v2\/media\/14892"}],"wp:attachment":[{"href":"https:\/\/www.kaspersky.de\/blog\/wp-json\/wp\/v2\/media?parent=14891"}],"wp:term":[{"taxonomy":"category","embeddable":true,"href":"https:\/\/www.kaspersky.de\/blog\/wp-json\/wp\/v2\/categories?post=14891"},{"taxonomy":"post_tag","embeddable":true,"href":"https:\/\/www.kaspersky.de\/blog\/wp-json\/wp\/v2\/tags?post=14891"}],"curies":[{"name":"wp","href":"https:\/\/api.w.org\/{rel}","templated":true}]}}